{"id":816,"date":"2014-06-10T19:48:17","date_gmt":"2014-06-10T17:48:17","guid":{"rendered":"http:\/\/www.restaurantestevet.com\/wpre\/?p=816"},"modified":"2014-06-10T19:48:17","modified_gmt":"2014-06-10T17:48:17","slug":"la-virreina-gerald-van-der-kaap-amsterdam-bangkok-xiamen-obras-de-la-han-nefkens-hf-collection","status":"publish","type":"post","link":"https:\/\/www.restaurantestevet.com\/ko\/la-virreina-gerald-van-der-kaap-amsterdam-bangkok-xiamen-obras-de-la-han-nefkens-hf-collection\/","title":{"rendered":"LA VIRREINA. Gerald Van Der Kaap. Amsterdam, Bangkok, Xiamen. Obras de la Han Nefkens H+F Collection."},"content":{"rendered":"<p>27.06.2014 &#8211; 31.08.2014<\/p>\n<p><img data-recalc-dims=\"1\" loading=\"lazy\" decoding=\"async\" class=\"alignleft size-medium wp-image-817\" alt=\"kaap_fanglimei_b\" src=\"https:\/\/i0.wp.com\/www.restaurantestevet.com\/wpre\/wp-content\/uploads\/2014\/06\/kaap_fanglimei_b-300x300.jpg?resize=300%2C300&#038;ssl=1\" width=\"300\" height=\"300\" \/><\/p>\n<p>Una exposici\u00f3n de obras recientes de Gerald Van Der Kaap, comisariada por Hilde Teerlinck<\/p>\n<p>Gerald Van der Kaap (Enschede, Pa\u00edses Bajos, 1959) siempre ha trabajado en una amplia variedad de disciplinas art\u00edsticas y con casi todo tipo de medios audiovisuales: primero fotograf\u00eda, v\u00eddeo e instalaciones; despu\u00e9s ordenadores, televisi\u00f3n y CD-ROM; y finalmente, v\u00eddeo digital y performances de v\u00eddeo (VJ) en directo. Sus obras se caracterizan por una visi\u00f3n a la vez conceptual y experimental, una atalaya que le permite explorar las cuestiones, condiciones e historia del medio en particular.<\/p>\n<p>Esta exposici\u00f3n es el resultado del trabajo de Van der Kaap en diferentes residencias de artistas en distintas ciudades del mundo: Bangkok, Tailandia, Xiamen\/Shangh\u00e1i, China y \u00c1msterdam, en los Pa\u00edses Bajos.<\/p>\n<p>INAUGURACI\u00d3N:<\/p>\n<p>Jueves 26 de junio de 2014, a las 19.30 h<\/p>\n","protected":false},"excerpt":{"rendered":"<p>27.06.2014 &#8211; 31.08.2014 Una exposici\u00f3n de obras recientes de Gerald Van Der Kaap, comisariada por Hilde Teerlinck Gerald Van der Kaap (Enschede, Pa\u00edses Bajos, 1959) siempre ha trabajado en una amplia variedad de disciplinas art\u00edsticas y con casi todo tipo de medios audiovisuales: primero fotograf\u00eda, v\u00eddeo e instalaciones; despu\u00e9s ordenadores, televisi\u00f3n y CD-ROM; y finalmente, [&hellip;]<\/p>\n","protected":false},"author":1,"featured_media":0,"comment_status":"closed","ping_status":"closed","sticky":false,"template":"","format":"standard","meta":{"inline_featured_image":false,"jetpack_post_was_ever_published":false,"_jetpack_newsletter_access":"","_jetpack_dont_email_post_to_subs":false,"_jetpack_newsletter_tier_id":0,"_jetpack_memberships_contains_paywalled_content":false,"_jetpack_memberships_contains_paid_content":false,"footnotes":"","jetpack_publicize_message":"","jetpack_publicize_feature_enabled":true,"jetpack_social_post_already_shared":true,"jetpack_social_options":{"image_generator_settings":{"template":"highway","default_image_id":0,"font":"","enabled":false},"version":2}},"categories":[3],"tags":[],"class_list":["post-816","post","type-post","status-publish","format-standard","hentry","category-cultura"],"yoast_head":"<!-- This site is optimized with the Yoast SEO plugin v27.4 - https:\/\/yoast.com\/product\/yoast-seo-wordpress\/ -->\n<title>LA VIRREINA. Gerald Van Der Kaap. Amsterdam, Bangkok, Xiamen. Obras de la Han Nefkens H+F Collection. - Restaurant Ca L&#039;Estevet<\/title>\n<meta name=\"robots\" content=\"index, follow, max-snippet:-1, max-image-preview:large, max-video-preview:-1\" \/>\n<link rel=\"canonical\" href=\"https:\/\/www.restaurantestevet.com\/ko\/la-virreina-gerald-van-der-kaap-amsterdam-bangkok-xiamen-obras-de-la-han-nefkens-hf-collection\/\" \/>\n<meta property=\"og:locale\" content=\"ko_KR\" \/>\n<meta property=\"og:type\" content=\"article\" \/>\n<meta property=\"og:title\" content=\"LA VIRREINA. Gerald Van Der Kaap. Amsterdam, Bangkok, Xiamen. Obras de la Han Nefkens H+F Collection. - Restaurant Ca L&#039;Estevet\" \/>\n<meta property=\"og:description\" content=\"27.06.2014 &#8211; 31.08.2014 Una exposici\u00f3n de obras recientes de Gerald Van Der Kaap, comisariada por Hilde Teerlinck Gerald Van der Kaap (Enschede, Pa\u00edses Bajos, 1959) siempre ha trabajado en una amplia variedad de disciplinas art\u00edsticas y con casi todo tipo de medios audiovisuales: primero fotograf\u00eda, v\u00eddeo e instalaciones; despu\u00e9s ordenadores, televisi\u00f3n y CD-ROM; y finalmente, [&hellip;]\" \/>\n<meta property=\"og:url\" content=\"https:\/\/www.restaurantestevet.com\/ko\/la-virreina-gerald-van-der-kaap-amsterdam-bangkok-xiamen-obras-de-la-han-nefkens-hf-collection\/\" \/>\n<meta property=\"og:site_name\" content=\"Restaurant Ca L&#039;Estevet\" \/>\n<meta property=\"article:publisher\" content=\"https:\/\/www.facebook.com\/restaurantestevet\" \/>\n<meta property=\"article:published_time\" content=\"2014-06-10T17:48:17+00:00\" \/>\n<meta property=\"og:image\" content=\"https:\/\/www.restaurantestevet.com\/wpre\/wp-content\/uploads\/2014\/06\/kaap_fanglimei_b-300x300.jpg\" \/>\n<meta name=\"author\" content=\"Restaurant Estevet\" \/>\n<meta name=\"twitter:label1\" content=\"\uae00\uc4f4\uc774\" \/>\n\t<meta name=\"twitter:data1\" content=\"Restaurant Estevet\" \/>\n\t<meta name=\"twitter:label2\" content=\"\uc608\uc0c1 \ub418\ub294 \ud310\ub3c5 \uc2dc\uac04\" \/>\n\t<meta name=\"twitter:data2\" content=\"1\ubd84\" \/>\n<script type=\"application\/ld+json\" class=\"yoast-schema-graph\">{\"@context\":\"https:\\\/\\\/schema.org\",\"@graph\":[{\"@type\":\"Article\",\"@id\":\"https:\\\/\\\/www.restaurantestevet.com\\\/ko\\\/la-virreina-gerald-van-der-kaap-amsterdam-bangkok-xiamen-obras-de-la-han-nefkens-hf-collection\\\/#article\",\"isPartOf\":{\"@id\":\"https:\\\/\\\/www.restaurantestevet.com\\\/ko\\\/la-virreina-gerald-van-der-kaap-amsterdam-bangkok-xiamen-obras-de-la-han-nefkens-hf-collection\\\/\"},\"author\":{\"name\":\"Restaurant Estevet\",\"@id\":\"https:\\\/\\\/www.restaurantestevet.com\\\/ko\\\/#\\\/schema\\\/person\\\/b5c4764b9f06894c54f7ffa28499cea5\"},\"headline\":\"LA VIRREINA. Gerald Van Der Kaap. Amsterdam, Bangkok, Xiamen. Obras de la Han Nefkens H+F Collection.\",\"datePublished\":\"2014-06-10T17:48:17+00:00\",\"mainEntityOfPage\":{\"@id\":\"https:\\\/\\\/www.restaurantestevet.com\\\/ko\\\/la-virreina-gerald-van-der-kaap-amsterdam-bangkok-xiamen-obras-de-la-han-nefkens-hf-collection\\\/\"},\"wordCount\":160,\"image\":{\"@id\":\"https:\\\/\\\/www.restaurantestevet.com\\\/ko\\\/la-virreina-gerald-van-der-kaap-amsterdam-bangkok-xiamen-obras-de-la-han-nefkens-hf-collection\\\/#primaryimage\"},\"thumbnailUrl\":\"https:\\\/\\\/www.restaurantestevet.com\\\/wpre\\\/wp-content\\\/uploads\\\/2014\\\/06\\\/kaap_fanglimei_b-300x300.jpg\",\"articleSection\":[\"Cultura\"],\"inLanguage\":\"ko-KR\"},{\"@type\":\"WebPage\",\"@id\":\"https:\\\/\\\/www.restaurantestevet.com\\\/ko\\\/la-virreina-gerald-van-der-kaap-amsterdam-bangkok-xiamen-obras-de-la-han-nefkens-hf-collection\\\/\",\"url\":\"https:\\\/\\\/www.restaurantestevet.com\\\/ko\\\/la-virreina-gerald-van-der-kaap-amsterdam-bangkok-xiamen-obras-de-la-han-nefkens-hf-collection\\\/\",\"name\":\"LA VIRREINA. Gerald Van Der Kaap. Amsterdam, Bangkok, Xiamen. Obras de la Han Nefkens H+F Collection. - Restaurant Ca L&#039;Estevet\",\"isPartOf\":{\"@id\":\"https:\\\/\\\/www.restaurantestevet.com\\\/ko\\\/#website\"},\"primaryImageOfPage\":{\"@id\":\"https:\\\/\\\/www.restaurantestevet.com\\\/ko\\\/la-virreina-gerald-van-der-kaap-amsterdam-bangkok-xiamen-obras-de-la-han-nefkens-hf-collection\\\/#primaryimage\"},\"image\":{\"@id\":\"https:\\\/\\\/www.restaurantestevet.com\\\/ko\\\/la-virreina-gerald-van-der-kaap-amsterdam-bangkok-xiamen-obras-de-la-han-nefkens-hf-collection\\\/#primaryimage\"},\"thumbnailUrl\":\"https:\\\/\\\/www.restaurantestevet.com\\\/wpre\\\/wp-content\\\/uploads\\\/2014\\\/06\\\/kaap_fanglimei_b-300x300.jpg\",\"datePublished\":\"2014-06-10T17:48:17+00:00\",\"author\":{\"@id\":\"https:\\\/\\\/www.restaurantestevet.com\\\/ko\\\/#\\\/schema\\\/person\\\/b5c4764b9f06894c54f7ffa28499cea5\"},\"breadcrumb\":{\"@id\":\"https:\\\/\\\/www.restaurantestevet.com\\\/ko\\\/la-virreina-gerald-van-der-kaap-amsterdam-bangkok-xiamen-obras-de-la-han-nefkens-hf-collection\\\/#breadcrumb\"},\"inLanguage\":\"ko-KR\",\"potentialAction\":[{\"@type\":\"ReadAction\",\"target\":[\"https:\\\/\\\/www.restaurantestevet.com\\\/ko\\\/la-virreina-gerald-van-der-kaap-amsterdam-bangkok-xiamen-obras-de-la-han-nefkens-hf-collection\\\/\"]}]},{\"@type\":\"ImageObject\",\"inLanguage\":\"ko-KR\",\"@id\":\"https:\\\/\\\/www.restaurantestevet.com\\\/ko\\\/la-virreina-gerald-van-der-kaap-amsterdam-bangkok-xiamen-obras-de-la-han-nefkens-hf-collection\\\/#primaryimage\",\"url\":\"https:\\\/\\\/www.restaurantestevet.com\\\/wpre\\\/wp-content\\\/uploads\\\/2014\\\/06\\\/kaap_fanglimei_b-300x300.jpg\",\"contentUrl\":\"https:\\\/\\\/www.restaurantestevet.com\\\/wpre\\\/wp-content\\\/uploads\\\/2014\\\/06\\\/kaap_fanglimei_b-300x300.jpg\"},{\"@type\":\"BreadcrumbList\",\"@id\":\"https:\\\/\\\/www.restaurantestevet.com\\\/ko\\\/la-virreina-gerald-van-der-kaap-amsterdam-bangkok-xiamen-obras-de-la-han-nefkens-hf-collection\\\/#breadcrumb\",\"itemListElement\":[{\"@type\":\"ListItem\",\"position\":1,\"name\":\"Portada\",\"item\":\"https:\\\/\\\/www.restaurantestevet.com\\\/ko\\\/\"},{\"@type\":\"ListItem\",\"position\":2,\"name\":\"LA VIRREINA. Gerald Van Der Kaap. Amsterdam, Bangkok, Xiamen. Obras de la Han Nefkens H+F Collection.\"}]},{\"@type\":\"WebSite\",\"@id\":\"https:\\\/\\\/www.restaurantestevet.com\\\/ko\\\/#website\",\"url\":\"https:\\\/\\\/www.restaurantestevet.com\\\/ko\\\/\",\"name\":\"Restaurant Ca L'Estevet\",\"description\":\"Cocina catalana. Este establecimiento est\u00e1 presente y es testigo de la movida barcelonesa desde finales del siglo XIX.\",\"potentialAction\":[{\"@type\":\"SearchAction\",\"target\":{\"@type\":\"EntryPoint\",\"urlTemplate\":\"https:\\\/\\\/www.restaurantestevet.com\\\/ko\\\/?s={search_term_string}\"},\"query-input\":{\"@type\":\"PropertyValueSpecification\",\"valueRequired\":true,\"valueName\":\"search_term_string\"}}],\"inLanguage\":\"ko-KR\"},{\"@type\":\"Person\",\"@id\":\"https:\\\/\\\/www.restaurantestevet.com\\\/ko\\\/#\\\/schema\\\/person\\\/b5c4764b9f06894c54f7ffa28499cea5\",\"name\":\"Restaurant Estevet\",\"image\":{\"@type\":\"ImageObject\",\"inLanguage\":\"ko-KR\",\"@id\":\"https:\\\/\\\/secure.gravatar.com\\\/avatar\\\/ba3eafe7ec82ed0143cbf0a9f46ab00a8bc552378ddd8c76c2508b10f9d28283?s=96&d=mm&r=g\",\"url\":\"https:\\\/\\\/secure.gravatar.com\\\/avatar\\\/ba3eafe7ec82ed0143cbf0a9f46ab00a8bc552378ddd8c76c2508b10f9d28283?s=96&d=mm&r=g\",\"contentUrl\":\"https:\\\/\\\/secure.gravatar.com\\\/avatar\\\/ba3eafe7ec82ed0143cbf0a9f46ab00a8bc552378ddd8c76c2508b10f9d28283?s=96&d=mm&r=g\",\"caption\":\"Restaurant Estevet\"}}]}<\/script>\n<!-- \/ Yoast SEO plugin. -->","yoast_head_json":{"title":"LA VIRREINA. Gerald Van Der Kaap. Amsterdam, Bangkok, Xiamen. Obras de la Han Nefkens H+F Collection. - Restaurant Ca L&#039;Estevet","robots":{"index":"index","follow":"follow","max-snippet":"max-snippet:-1","max-image-preview":"max-image-preview:large","max-video-preview":"max-video-preview:-1"},"canonical":"https:\/\/www.restaurantestevet.com\/ko\/la-virreina-gerald-van-der-kaap-amsterdam-bangkok-xiamen-obras-de-la-han-nefkens-hf-collection\/","og_locale":"ko_KR","og_type":"article","og_title":"LA VIRREINA. Gerald Van Der Kaap. Amsterdam, Bangkok, Xiamen. Obras de la Han Nefkens H+F Collection. - Restaurant Ca L&#039;Estevet","og_description":"27.06.2014 &#8211; 31.08.2014 Una exposici\u00f3n de obras recientes de Gerald Van Der Kaap, comisariada por Hilde Teerlinck Gerald Van der Kaap (Enschede, Pa\u00edses Bajos, 1959) siempre ha trabajado en una amplia variedad de disciplinas art\u00edsticas y con casi todo tipo de medios audiovisuales: primero fotograf\u00eda, v\u00eddeo e instalaciones; despu\u00e9s ordenadores, televisi\u00f3n y CD-ROM; y finalmente, [&hellip;]","og_url":"https:\/\/www.restaurantestevet.com\/ko\/la-virreina-gerald-van-der-kaap-amsterdam-bangkok-xiamen-obras-de-la-han-nefkens-hf-collection\/","og_site_name":"Restaurant Ca L&#039;Estevet","article_publisher":"https:\/\/www.facebook.com\/restaurantestevet","article_published_time":"2014-06-10T17:48:17+00:00","og_image":[{"url":"https:\/\/www.restaurantestevet.com\/wpre\/wp-content\/uploads\/2014\/06\/kaap_fanglimei_b-300x300.jpg","type":"","width":"","height":""}],"author":"Restaurant Estevet","twitter_misc":{"\uae00\uc4f4\uc774":"Restaurant Estevet","\uc608\uc0c1 \ub418\ub294 \ud310\ub3c5 \uc2dc\uac04":"1\ubd84"},"schema":{"@context":"https:\/\/schema.org","@graph":[{"@type":"Article","@id":"https:\/\/www.restaurantestevet.com\/ko\/la-virreina-gerald-van-der-kaap-amsterdam-bangkok-xiamen-obras-de-la-han-nefkens-hf-collection\/#article","isPartOf":{"@id":"https:\/\/www.restaurantestevet.com\/ko\/la-virreina-gerald-van-der-kaap-amsterdam-bangkok-xiamen-obras-de-la-han-nefkens-hf-collection\/"},"author":{"name":"Restaurant Estevet","@id":"https:\/\/www.restaurantestevet.com\/ko\/#\/schema\/person\/b5c4764b9f06894c54f7ffa28499cea5"},"headline":"LA VIRREINA. Gerald Van Der Kaap. Amsterdam, Bangkok, Xiamen. Obras de la Han Nefkens H+F Collection.","datePublished":"2014-06-10T17:48:17+00:00","mainEntityOfPage":{"@id":"https:\/\/www.restaurantestevet.com\/ko\/la-virreina-gerald-van-der-kaap-amsterdam-bangkok-xiamen-obras-de-la-han-nefkens-hf-collection\/"},"wordCount":160,"image":{"@id":"https:\/\/www.restaurantestevet.com\/ko\/la-virreina-gerald-van-der-kaap-amsterdam-bangkok-xiamen-obras-de-la-han-nefkens-hf-collection\/#primaryimage"},"thumbnailUrl":"https:\/\/www.restaurantestevet.com\/wpre\/wp-content\/uploads\/2014\/06\/kaap_fanglimei_b-300x300.jpg","articleSection":["Cultura"],"inLanguage":"ko-KR"},{"@type":"WebPage","@id":"https:\/\/www.restaurantestevet.com\/ko\/la-virreina-gerald-van-der-kaap-amsterdam-bangkok-xiamen-obras-de-la-han-nefkens-hf-collection\/","url":"https:\/\/www.restaurantestevet.com\/ko\/la-virreina-gerald-van-der-kaap-amsterdam-bangkok-xiamen-obras-de-la-han-nefkens-hf-collection\/","name":"LA VIRREINA. Gerald Van Der Kaap. Amsterdam, Bangkok, Xiamen. Obras de la Han Nefkens H+F Collection. - Restaurant Ca L&#039;Estevet","isPartOf":{"@id":"https:\/\/www.restaurantestevet.com\/ko\/#website"},"primaryImageOfPage":{"@id":"https:\/\/www.restaurantestevet.com\/ko\/la-virreina-gerald-van-der-kaap-amsterdam-bangkok-xiamen-obras-de-la-han-nefkens-hf-collection\/#primaryimage"},"image":{"@id":"https:\/\/www.restaurantestevet.com\/ko\/la-virreina-gerald-van-der-kaap-amsterdam-bangkok-xiamen-obras-de-la-han-nefkens-hf-collection\/#primaryimage"},"thumbnailUrl":"https:\/\/www.restaurantestevet.com\/wpre\/wp-content\/uploads\/2014\/06\/kaap_fanglimei_b-300x300.jpg","datePublished":"2014-06-10T17:48:17+00:00","author":{"@id":"https:\/\/www.restaurantestevet.com\/ko\/#\/schema\/person\/b5c4764b9f06894c54f7ffa28499cea5"},"breadcrumb":{"@id":"https:\/\/www.restaurantestevet.com\/ko\/la-virreina-gerald-van-der-kaap-amsterdam-bangkok-xiamen-obras-de-la-han-nefkens-hf-collection\/#breadcrumb"},"inLanguage":"ko-KR","potentialAction":[{"@type":"ReadAction","target":["https:\/\/www.restaurantestevet.com\/ko\/la-virreina-gerald-van-der-kaap-amsterdam-bangkok-xiamen-obras-de-la-han-nefkens-hf-collection\/"]}]},{"@type":"ImageObject","inLanguage":"ko-KR","@id":"https:\/\/www.restaurantestevet.com\/ko\/la-virreina-gerald-van-der-kaap-amsterdam-bangkok-xiamen-obras-de-la-han-nefkens-hf-collection\/#primaryimage","url":"https:\/\/www.restaurantestevet.com\/wpre\/wp-content\/uploads\/2014\/06\/kaap_fanglimei_b-300x300.jpg","contentUrl":"https:\/\/www.restaurantestevet.com\/wpre\/wp-content\/uploads\/2014\/06\/kaap_fanglimei_b-300x300.jpg"},{"@type":"BreadcrumbList","@id":"https:\/\/www.restaurantestevet.com\/ko\/la-virreina-gerald-van-der-kaap-amsterdam-bangkok-xiamen-obras-de-la-han-nefkens-hf-collection\/#breadcrumb","itemListElement":[{"@type":"ListItem","position":1,"name":"Portada","item":"https:\/\/www.restaurantestevet.com\/ko\/"},{"@type":"ListItem","position":2,"name":"LA VIRREINA. Gerald Van Der Kaap. Amsterdam, Bangkok, Xiamen. Obras de la Han Nefkens H+F Collection."}]},{"@type":"WebSite","@id":"https:\/\/www.restaurantestevet.com\/ko\/#website","url":"https:\/\/www.restaurantestevet.com\/ko\/","name":"Restaurant Ca L'Estevet","description":"Cocina catalana. Este establecimiento est\u00e1 presente y es testigo de la movida barcelonesa desde finales del siglo XIX.","potentialAction":[{"@type":"SearchAction","target":{"@type":"EntryPoint","urlTemplate":"https:\/\/www.restaurantestevet.com\/ko\/?s={search_term_string}"},"query-input":{"@type":"PropertyValueSpecification","valueRequired":true,"valueName":"search_term_string"}}],"inLanguage":"ko-KR"},{"@type":"Person","@id":"https:\/\/www.restaurantestevet.com\/ko\/#\/schema\/person\/b5c4764b9f06894c54f7ffa28499cea5","name":"Restaurant Estevet","image":{"@type":"ImageObject","inLanguage":"ko-KR","@id":"https:\/\/secure.gravatar.com\/avatar\/ba3eafe7ec82ed0143cbf0a9f46ab00a8bc552378ddd8c76c2508b10f9d28283?s=96&d=mm&r=g","url":"https:\/\/secure.gravatar.com\/avatar\/ba3eafe7ec82ed0143cbf0a9f46ab00a8bc552378ddd8c76c2508b10f9d28283?s=96&d=mm&r=g","contentUrl":"https:\/\/secure.gravatar.com\/avatar\/ba3eafe7ec82ed0143cbf0a9f46ab00a8bc552378ddd8c76c2508b10f9d28283?s=96&d=mm&r=g","caption":"Restaurant Estevet"}}]}},"jetpack_publicize_connections":[],"jetpack_featured_media_url":"","jetpack_sharing_enabled":true,"jetpack_shortlink":"https:\/\/wp.me\/p6oEY6-da","jetpack_likes_enabled":true,"_links":{"self":[{"href":"https:\/\/www.restaurantestevet.com\/ko\/wp-json\/wp\/v2\/posts\/816","targetHints":{"allow":["GET"]}}],"collection":[{"href":"https:\/\/www.restaurantestevet.com\/ko\/wp-json\/wp\/v2\/posts"}],"about":[{"href":"https:\/\/www.restaurantestevet.com\/ko\/wp-json\/wp\/v2\/types\/post"}],"author":[{"embeddable":true,"href":"https:\/\/www.restaurantestevet.com\/ko\/wp-json\/wp\/v2\/users\/1"}],"replies":[{"embeddable":true,"href":"https:\/\/www.restaurantestevet.com\/ko\/wp-json\/wp\/v2\/comments?post=816"}],"version-history":[{"count":0,"href":"https:\/\/www.restaurantestevet.com\/ko\/wp-json\/wp\/v2\/posts\/816\/revisions"}],"wp:attachment":[{"href":"https:\/\/www.restaurantestevet.com\/ko\/wp-json\/wp\/v2\/media?parent=816"}],"wp:term":[{"taxonomy":"category","embeddable":true,"href":"https:\/\/www.restaurantestevet.com\/ko\/wp-json\/wp\/v2\/categories?post=816"},{"taxonomy":"post_tag","embeddable":true,"href":"https:\/\/www.restaurantestevet.com\/ko\/wp-json\/wp\/v2\/tags?post=816"}],"curies":[{"name":"wp","href":"https:\/\/api.w.org\/{rel}","templated":true}]}}