{"id":3543,"date":"2016-01-14T09:01:05","date_gmt":"2016-01-14T08:01:05","guid":{"rendered":"http:\/\/www.restaurantestevet.com\/?p=3543"},"modified":"2016-01-14T09:01:05","modified_gmt":"2016-01-14T08:01:05","slug":"antoni-tapies-col%c2%b7leccio-1955-1965-19-gener-22-maig-2016","status":"publish","type":"post","link":"https:\/\/www.restaurantestevet.com\/ko\/antoni-tapies-col%c2%b7leccio-1955-1965-19-gener-22-maig-2016\/","title":{"rendered":"Antoni T\u00e0pies. Col\u00b7lecci\u00f3, 1955-1965."},"content":{"rendered":"<p><img data-recalc-dims=\"1\" loading=\"lazy\" decoding=\"async\" class=\"alignleft size-full wp-image-3545\" src=\"https:\/\/i0.wp.com\/www.restaurantestevet.com\/wp-content\/uploads\/2016\/01\/arton8477.jpg?resize=190%2C153&#038;ssl=1\" alt=\"arton8477\" width=\"190\" height=\"153\" \/>Del 19 de gener al 22\u00a0de\u00a0maig. La Fundaci\u00f3 Antoni T\u00e0pies ofereix una selecci\u00f3 dels seus fons centrada en aquella d\u00e8cada que va fer d\u2019Antoni T\u00e0pies un artista de res\u00e9 internacional.<br \/>\nLa seva imatge p\u00fablica va adquirir una categoria ic\u00f2nica que el connectava amb la pintura de l\u2019expressionisme abstracte i la voluntat de fer de la subjectivitat un material de primer ordre. Si b\u00e9 les mat\u00e8ries cobraren un protagonisme ins\u00f2lit, la capacitat d\u2019acollir significats m\u00faltiples i l\u2019allunyament dels continguts m\u00e9s literaris i narratius que van predominar en l\u2019\u00e8poca anterior el van convertir en un prototip de l\u2019artista modern.<\/p>\n<p>Vers 1954-1955 es va produir en l\u2019obra d\u2019Antoni T\u00e0pies un canvi significatiu, fruit d\u2019experi\u00e8ncies anteriors i d\u2019influ\u00e8ncies i afinitats, que va suposar l\u2019inici de la maduresa del seu art. L\u2019inter\u00e8s per l\u2019expressivitat de determinats materials, que T\u00e0pies ja havia manifestat a la d\u00e8cada de 1940, va donar lloc a unes obres que tenien una aparen\u00e7a de mur, i que es caracteritzaven per la densitat de les textures i per l\u2019\u00fas d\u2019una gamma de colors limitada en qu\u00e8 hi destacaven el gris, el marr\u00f3 i l\u2019ocre. Amb aquestes obres T\u00e0pies va assolir el reconeixement nacional i internacional, sobretot a partir de finals de la d\u00e8cada de 1950 i principis de la de 1960.<\/p>\n<p>En la projecci\u00f3 de la seva obra cal destacar el paper que van jugar, d\u2019una banda, la galerista novaiorquesa Martha Jackson, amb la qual T\u00e0pies va comen\u00e7ar a exposar a finals de 1953, i, de l\u2019altra, el t\u00e0ndem format pel cr\u00edtic d\u2019art Michel Tapi\u00e9, exponent te\u00f2ric de l\u2019informalisme, i Rodolphe Stadler, que va obrir la seva galeria a Par\u00eds la tardor de 1955. L\u2019exposici\u00f3 Col\u00b7lecci\u00f3, 1955-1965 se centra en aquest per\u00edode, i mostra obres i documents de la Col\u00b7lecci\u00f3 i de l\u2019Arxiu de la Fundaci\u00f3, al costat d\u2019alguns pr\u00e9stecs significatius de col\u00b7leccions privades. La mostra es completa amb la projecci\u00f3 del documental T\u00e0pies (1969), de Clovis Pr\u00e9vost, produ\u00eft per Maeght, Par\u00eds.<\/p>\n","protected":false},"excerpt":{"rendered":"<p>Del 19 de gener al 22\u00a0de\u00a0maig. La Fundaci\u00f3 Antoni T\u00e0pies ofereix una selecci\u00f3 dels seus fons centrada en aquella d\u00e8cada que va fer d\u2019Antoni T\u00e0pies un artista de res\u00e9 internacional. La seva imatge p\u00fablica va adquirir una categoria ic\u00f2nica que el connectava amb la pintura de l\u2019expressionisme abstracte i la voluntat de fer de la [&hellip;]<\/p>\n","protected":false},"author":1,"featured_media":0,"comment_status":"closed","ping_status":"closed","sticky":false,"template":"","format":"standard","meta":{"inline_featured_image":false,"jetpack_post_was_ever_published":false,"_jetpack_newsletter_access":"","_jetpack_dont_email_post_to_subs":false,"_jetpack_newsletter_tier_id":0,"_jetpack_memberships_contains_paywalled_content":false,"_jetpack_memberships_contains_paid_content":false,"footnotes":"","jetpack_publicize_message":"","jetpack_publicize_feature_enabled":true,"jetpack_social_post_already_shared":true,"jetpack_social_options":{"image_generator_settings":{"template":"highway","default_image_id":0,"font":"","enabled":false},"version":2}},"categories":[3],"tags":[],"class_list":["post-3543","post","type-post","status-publish","format-standard","hentry","category-cultura"],"yoast_head":"<!-- This site is optimized with the Yoast SEO plugin v27.4 - https:\/\/yoast.com\/product\/yoast-seo-wordpress\/ -->\n<title>Antoni T\u00e0pies. Col\u00b7lecci\u00f3, 1955-1965. - Restaurant Ca L&#039;Estevet<\/title>\n<meta name=\"robots\" content=\"index, follow, max-snippet:-1, max-image-preview:large, max-video-preview:-1\" \/>\n<link rel=\"canonical\" href=\"https:\/\/www.restaurantestevet.com\/ko\/antoni-tapies-col%c2%b7leccio-1955-1965-19-gener-22-maig-2016\/\" \/>\n<meta property=\"og:locale\" content=\"ko_KR\" \/>\n<meta property=\"og:type\" content=\"article\" \/>\n<meta property=\"og:title\" content=\"Antoni T\u00e0pies. Col\u00b7lecci\u00f3, 1955-1965. - Restaurant Ca L&#039;Estevet\" \/>\n<meta property=\"og:description\" content=\"Del 19 de gener al 22\u00a0de\u00a0maig. La Fundaci\u00f3 Antoni T\u00e0pies ofereix una selecci\u00f3 dels seus fons centrada en aquella d\u00e8cada que va fer d\u2019Antoni T\u00e0pies un artista de res\u00e9 internacional. La seva imatge p\u00fablica va adquirir una categoria ic\u00f2nica que el connectava amb la pintura de l\u2019expressionisme abstracte i la voluntat de fer de la [&hellip;]\" \/>\n<meta property=\"og:url\" content=\"https:\/\/www.restaurantestevet.com\/ko\/antoni-tapies-col%c2%b7leccio-1955-1965-19-gener-22-maig-2016\/\" \/>\n<meta property=\"og:site_name\" content=\"Restaurant Ca L&#039;Estevet\" \/>\n<meta property=\"article:publisher\" content=\"https:\/\/www.facebook.com\/restaurantestevet\" \/>\n<meta property=\"article:published_time\" content=\"2016-01-14T08:01:05+00:00\" \/>\n<meta property=\"og:image\" content=\"https:\/\/www.restaurantestevet.com\/wp-content\/uploads\/2016\/01\/arton8477.jpg\" \/>\n<meta name=\"author\" content=\"Restaurant Estevet\" \/>\n<meta name=\"twitter:label1\" content=\"\uae00\uc4f4\uc774\" \/>\n\t<meta name=\"twitter:data1\" content=\"Restaurant Estevet\" \/>\n\t<meta name=\"twitter:label2\" content=\"\uc608\uc0c1 \ub418\ub294 \ud310\ub3c5 \uc2dc\uac04\" \/>\n\t<meta name=\"twitter:data2\" content=\"2\ubd84\" \/>\n<script type=\"application\/ld+json\" class=\"yoast-schema-graph\">{\"@context\":\"https:\\\/\\\/schema.org\",\"@graph\":[{\"@type\":\"Article\",\"@id\":\"https:\\\/\\\/www.restaurantestevet.com\\\/ko\\\/antoni-tapies-col%c2%b7leccio-1955-1965-19-gener-22-maig-2016\\\/#article\",\"isPartOf\":{\"@id\":\"https:\\\/\\\/www.restaurantestevet.com\\\/ko\\\/antoni-tapies-col%c2%b7leccio-1955-1965-19-gener-22-maig-2016\\\/\"},\"author\":{\"name\":\"Restaurant Estevet\",\"@id\":\"https:\\\/\\\/www.restaurantestevet.com\\\/ko\\\/#\\\/schema\\\/person\\\/b5c4764b9f06894c54f7ffa28499cea5\"},\"headline\":\"Antoni T\u00e0pies. Col\u00b7lecci\u00f3, 1955-1965.\",\"datePublished\":\"2016-01-14T08:01:05+00:00\",\"mainEntityOfPage\":{\"@id\":\"https:\\\/\\\/www.restaurantestevet.com\\\/ko\\\/antoni-tapies-col%c2%b7leccio-1955-1965-19-gener-22-maig-2016\\\/\"},\"wordCount\":376,\"image\":{\"@id\":\"https:\\\/\\\/www.restaurantestevet.com\\\/ko\\\/antoni-tapies-col%c2%b7leccio-1955-1965-19-gener-22-maig-2016\\\/#primaryimage\"},\"thumbnailUrl\":\"https:\\\/\\\/www.restaurantestevet.com\\\/wp-content\\\/uploads\\\/2016\\\/01\\\/arton8477.jpg\",\"articleSection\":[\"Cultura\"],\"inLanguage\":\"ko-KR\"},{\"@type\":\"WebPage\",\"@id\":\"https:\\\/\\\/www.restaurantestevet.com\\\/ko\\\/antoni-tapies-col%c2%b7leccio-1955-1965-19-gener-22-maig-2016\\\/\",\"url\":\"https:\\\/\\\/www.restaurantestevet.com\\\/ko\\\/antoni-tapies-col%c2%b7leccio-1955-1965-19-gener-22-maig-2016\\\/\",\"name\":\"Antoni T\u00e0pies. Col\u00b7lecci\u00f3, 1955-1965. - Restaurant Ca L&#039;Estevet\",\"isPartOf\":{\"@id\":\"https:\\\/\\\/www.restaurantestevet.com\\\/ko\\\/#website\"},\"primaryImageOfPage\":{\"@id\":\"https:\\\/\\\/www.restaurantestevet.com\\\/ko\\\/antoni-tapies-col%c2%b7leccio-1955-1965-19-gener-22-maig-2016\\\/#primaryimage\"},\"image\":{\"@id\":\"https:\\\/\\\/www.restaurantestevet.com\\\/ko\\\/antoni-tapies-col%c2%b7leccio-1955-1965-19-gener-22-maig-2016\\\/#primaryimage\"},\"thumbnailUrl\":\"https:\\\/\\\/www.restaurantestevet.com\\\/wp-content\\\/uploads\\\/2016\\\/01\\\/arton8477.jpg\",\"datePublished\":\"2016-01-14T08:01:05+00:00\",\"author\":{\"@id\":\"https:\\\/\\\/www.restaurantestevet.com\\\/ko\\\/#\\\/schema\\\/person\\\/b5c4764b9f06894c54f7ffa28499cea5\"},\"breadcrumb\":{\"@id\":\"https:\\\/\\\/www.restaurantestevet.com\\\/ko\\\/antoni-tapies-col%c2%b7leccio-1955-1965-19-gener-22-maig-2016\\\/#breadcrumb\"},\"inLanguage\":\"ko-KR\",\"potentialAction\":[{\"@type\":\"ReadAction\",\"target\":[\"https:\\\/\\\/www.restaurantestevet.com\\\/ko\\\/antoni-tapies-col%c2%b7leccio-1955-1965-19-gener-22-maig-2016\\\/\"]}]},{\"@type\":\"ImageObject\",\"inLanguage\":\"ko-KR\",\"@id\":\"https:\\\/\\\/www.restaurantestevet.com\\\/ko\\\/antoni-tapies-col%c2%b7leccio-1955-1965-19-gener-22-maig-2016\\\/#primaryimage\",\"url\":\"https:\\\/\\\/www.restaurantestevet.com\\\/wp-content\\\/uploads\\\/2016\\\/01\\\/arton8477.jpg\",\"contentUrl\":\"https:\\\/\\\/www.restaurantestevet.com\\\/wp-content\\\/uploads\\\/2016\\\/01\\\/arton8477.jpg\"},{\"@type\":\"BreadcrumbList\",\"@id\":\"https:\\\/\\\/www.restaurantestevet.com\\\/ko\\\/antoni-tapies-col%c2%b7leccio-1955-1965-19-gener-22-maig-2016\\\/#breadcrumb\",\"itemListElement\":[{\"@type\":\"ListItem\",\"position\":1,\"name\":\"Portada\",\"item\":\"https:\\\/\\\/www.restaurantestevet.com\\\/ko\\\/\"},{\"@type\":\"ListItem\",\"position\":2,\"name\":\"Antoni T\u00e0pies. Col\u00b7lecci\u00f3, 1955-1965.\"}]},{\"@type\":\"WebSite\",\"@id\":\"https:\\\/\\\/www.restaurantestevet.com\\\/ko\\\/#website\",\"url\":\"https:\\\/\\\/www.restaurantestevet.com\\\/ko\\\/\",\"name\":\"Restaurant Ca L'Estevet\",\"description\":\"Cocina catalana. Este establecimiento est\u00e1 presente y es testigo de la movida barcelonesa desde finales del siglo XIX.\",\"potentialAction\":[{\"@type\":\"SearchAction\",\"target\":{\"@type\":\"EntryPoint\",\"urlTemplate\":\"https:\\\/\\\/www.restaurantestevet.com\\\/ko\\\/?s={search_term_string}\"},\"query-input\":{\"@type\":\"PropertyValueSpecification\",\"valueRequired\":true,\"valueName\":\"search_term_string\"}}],\"inLanguage\":\"ko-KR\"},{\"@type\":\"Person\",\"@id\":\"https:\\\/\\\/www.restaurantestevet.com\\\/ko\\\/#\\\/schema\\\/person\\\/b5c4764b9f06894c54f7ffa28499cea5\",\"name\":\"Restaurant Estevet\",\"image\":{\"@type\":\"ImageObject\",\"inLanguage\":\"ko-KR\",\"@id\":\"https:\\\/\\\/secure.gravatar.com\\\/avatar\\\/ba3eafe7ec82ed0143cbf0a9f46ab00a8bc552378ddd8c76c2508b10f9d28283?s=96&d=mm&r=g\",\"url\":\"https:\\\/\\\/secure.gravatar.com\\\/avatar\\\/ba3eafe7ec82ed0143cbf0a9f46ab00a8bc552378ddd8c76c2508b10f9d28283?s=96&d=mm&r=g\",\"contentUrl\":\"https:\\\/\\\/secure.gravatar.com\\\/avatar\\\/ba3eafe7ec82ed0143cbf0a9f46ab00a8bc552378ddd8c76c2508b10f9d28283?s=96&d=mm&r=g\",\"caption\":\"Restaurant Estevet\"}}]}<\/script>\n<!-- \/ Yoast SEO plugin. -->","yoast_head_json":{"title":"Antoni T\u00e0pies. Col\u00b7lecci\u00f3, 1955-1965. - Restaurant Ca L&#039;Estevet","robots":{"index":"index","follow":"follow","max-snippet":"max-snippet:-1","max-image-preview":"max-image-preview:large","max-video-preview":"max-video-preview:-1"},"canonical":"https:\/\/www.restaurantestevet.com\/ko\/antoni-tapies-col%c2%b7leccio-1955-1965-19-gener-22-maig-2016\/","og_locale":"ko_KR","og_type":"article","og_title":"Antoni T\u00e0pies. Col\u00b7lecci\u00f3, 1955-1965. - Restaurant Ca L&#039;Estevet","og_description":"Del 19 de gener al 22\u00a0de\u00a0maig. La Fundaci\u00f3 Antoni T\u00e0pies ofereix una selecci\u00f3 dels seus fons centrada en aquella d\u00e8cada que va fer d\u2019Antoni T\u00e0pies un artista de res\u00e9 internacional. La seva imatge p\u00fablica va adquirir una categoria ic\u00f2nica que el connectava amb la pintura de l\u2019expressionisme abstracte i la voluntat de fer de la [&hellip;]","og_url":"https:\/\/www.restaurantestevet.com\/ko\/antoni-tapies-col%c2%b7leccio-1955-1965-19-gener-22-maig-2016\/","og_site_name":"Restaurant Ca L&#039;Estevet","article_publisher":"https:\/\/www.facebook.com\/restaurantestevet","article_published_time":"2016-01-14T08:01:05+00:00","og_image":[{"url":"https:\/\/www.restaurantestevet.com\/wp-content\/uploads\/2016\/01\/arton8477.jpg","type":"","width":"","height":""}],"author":"Restaurant Estevet","twitter_misc":{"\uae00\uc4f4\uc774":"Restaurant Estevet","\uc608\uc0c1 \ub418\ub294 \ud310\ub3c5 \uc2dc\uac04":"2\ubd84"},"schema":{"@context":"https:\/\/schema.org","@graph":[{"@type":"Article","@id":"https:\/\/www.restaurantestevet.com\/ko\/antoni-tapies-col%c2%b7leccio-1955-1965-19-gener-22-maig-2016\/#article","isPartOf":{"@id":"https:\/\/www.restaurantestevet.com\/ko\/antoni-tapies-col%c2%b7leccio-1955-1965-19-gener-22-maig-2016\/"},"author":{"name":"Restaurant Estevet","@id":"https:\/\/www.restaurantestevet.com\/ko\/#\/schema\/person\/b5c4764b9f06894c54f7ffa28499cea5"},"headline":"Antoni T\u00e0pies. Col\u00b7lecci\u00f3, 1955-1965.","datePublished":"2016-01-14T08:01:05+00:00","mainEntityOfPage":{"@id":"https:\/\/www.restaurantestevet.com\/ko\/antoni-tapies-col%c2%b7leccio-1955-1965-19-gener-22-maig-2016\/"},"wordCount":376,"image":{"@id":"https:\/\/www.restaurantestevet.com\/ko\/antoni-tapies-col%c2%b7leccio-1955-1965-19-gener-22-maig-2016\/#primaryimage"},"thumbnailUrl":"https:\/\/www.restaurantestevet.com\/wp-content\/uploads\/2016\/01\/arton8477.jpg","articleSection":["Cultura"],"inLanguage":"ko-KR"},{"@type":"WebPage","@id":"https:\/\/www.restaurantestevet.com\/ko\/antoni-tapies-col%c2%b7leccio-1955-1965-19-gener-22-maig-2016\/","url":"https:\/\/www.restaurantestevet.com\/ko\/antoni-tapies-col%c2%b7leccio-1955-1965-19-gener-22-maig-2016\/","name":"Antoni T\u00e0pies. Col\u00b7lecci\u00f3, 1955-1965. - Restaurant Ca L&#039;Estevet","isPartOf":{"@id":"https:\/\/www.restaurantestevet.com\/ko\/#website"},"primaryImageOfPage":{"@id":"https:\/\/www.restaurantestevet.com\/ko\/antoni-tapies-col%c2%b7leccio-1955-1965-19-gener-22-maig-2016\/#primaryimage"},"image":{"@id":"https:\/\/www.restaurantestevet.com\/ko\/antoni-tapies-col%c2%b7leccio-1955-1965-19-gener-22-maig-2016\/#primaryimage"},"thumbnailUrl":"https:\/\/www.restaurantestevet.com\/wp-content\/uploads\/2016\/01\/arton8477.jpg","datePublished":"2016-01-14T08:01:05+00:00","author":{"@id":"https:\/\/www.restaurantestevet.com\/ko\/#\/schema\/person\/b5c4764b9f06894c54f7ffa28499cea5"},"breadcrumb":{"@id":"https:\/\/www.restaurantestevet.com\/ko\/antoni-tapies-col%c2%b7leccio-1955-1965-19-gener-22-maig-2016\/#breadcrumb"},"inLanguage":"ko-KR","potentialAction":[{"@type":"ReadAction","target":["https:\/\/www.restaurantestevet.com\/ko\/antoni-tapies-col%c2%b7leccio-1955-1965-19-gener-22-maig-2016\/"]}]},{"@type":"ImageObject","inLanguage":"ko-KR","@id":"https:\/\/www.restaurantestevet.com\/ko\/antoni-tapies-col%c2%b7leccio-1955-1965-19-gener-22-maig-2016\/#primaryimage","url":"https:\/\/www.restaurantestevet.com\/wp-content\/uploads\/2016\/01\/arton8477.jpg","contentUrl":"https:\/\/www.restaurantestevet.com\/wp-content\/uploads\/2016\/01\/arton8477.jpg"},{"@type":"BreadcrumbList","@id":"https:\/\/www.restaurantestevet.com\/ko\/antoni-tapies-col%c2%b7leccio-1955-1965-19-gener-22-maig-2016\/#breadcrumb","itemListElement":[{"@type":"ListItem","position":1,"name":"Portada","item":"https:\/\/www.restaurantestevet.com\/ko\/"},{"@type":"ListItem","position":2,"name":"Antoni T\u00e0pies. Col\u00b7lecci\u00f3, 1955-1965."}]},{"@type":"WebSite","@id":"https:\/\/www.restaurantestevet.com\/ko\/#website","url":"https:\/\/www.restaurantestevet.com\/ko\/","name":"Restaurant Ca L'Estevet","description":"Cocina catalana. Este establecimiento est\u00e1 presente y es testigo de la movida barcelonesa desde finales del siglo XIX.","potentialAction":[{"@type":"SearchAction","target":{"@type":"EntryPoint","urlTemplate":"https:\/\/www.restaurantestevet.com\/ko\/?s={search_term_string}"},"query-input":{"@type":"PropertyValueSpecification","valueRequired":true,"valueName":"search_term_string"}}],"inLanguage":"ko-KR"},{"@type":"Person","@id":"https:\/\/www.restaurantestevet.com\/ko\/#\/schema\/person\/b5c4764b9f06894c54f7ffa28499cea5","name":"Restaurant Estevet","image":{"@type":"ImageObject","inLanguage":"ko-KR","@id":"https:\/\/secure.gravatar.com\/avatar\/ba3eafe7ec82ed0143cbf0a9f46ab00a8bc552378ddd8c76c2508b10f9d28283?s=96&d=mm&r=g","url":"https:\/\/secure.gravatar.com\/avatar\/ba3eafe7ec82ed0143cbf0a9f46ab00a8bc552378ddd8c76c2508b10f9d28283?s=96&d=mm&r=g","contentUrl":"https:\/\/secure.gravatar.com\/avatar\/ba3eafe7ec82ed0143cbf0a9f46ab00a8bc552378ddd8c76c2508b10f9d28283?s=96&d=mm&r=g","caption":"Restaurant Estevet"}}]}},"jetpack_publicize_connections":[],"jetpack_featured_media_url":"","jetpack_sharing_enabled":true,"jetpack_shortlink":"https:\/\/wp.me\/p6oEY6-V9","jetpack_likes_enabled":true,"_links":{"self":[{"href":"https:\/\/www.restaurantestevet.com\/ko\/wp-json\/wp\/v2\/posts\/3543","targetHints":{"allow":["GET"]}}],"collection":[{"href":"https:\/\/www.restaurantestevet.com\/ko\/wp-json\/wp\/v2\/posts"}],"about":[{"href":"https:\/\/www.restaurantestevet.com\/ko\/wp-json\/wp\/v2\/types\/post"}],"author":[{"embeddable":true,"href":"https:\/\/www.restaurantestevet.com\/ko\/wp-json\/wp\/v2\/users\/1"}],"replies":[{"embeddable":true,"href":"https:\/\/www.restaurantestevet.com\/ko\/wp-json\/wp\/v2\/comments?post=3543"}],"version-history":[{"count":0,"href":"https:\/\/www.restaurantestevet.com\/ko\/wp-json\/wp\/v2\/posts\/3543\/revisions"}],"wp:attachment":[{"href":"https:\/\/www.restaurantestevet.com\/ko\/wp-json\/wp\/v2\/media?parent=3543"}],"wp:term":[{"taxonomy":"category","embeddable":true,"href":"https:\/\/www.restaurantestevet.com\/ko\/wp-json\/wp\/v2\/categories?post=3543"},{"taxonomy":"post_tag","embeddable":true,"href":"https:\/\/www.restaurantestevet.com\/ko\/wp-json\/wp\/v2\/tags?post=3543"}],"curies":[{"name":"wp","href":"https:\/\/api.w.org\/{rel}","templated":true}]}}