{"id":2465,"date":"2015-09-07T07:04:07","date_gmt":"2015-09-07T05:04:07","guid":{"rendered":"http:\/\/www.restaurantestevet.com\/?p=2465"},"modified":"2015-09-07T07:04:07","modified_gmt":"2015-09-07T05:04:07","slug":"ricard-garcia-vilanova-destellos-en-la-oscuridad-siria-2011-2015","status":"publish","type":"post","link":"https:\/\/www.restaurantestevet.com\/ko\/ricard-garcia-vilanova-destellos-en-la-oscuridad-siria-2011-2015\/","title":{"rendered":"Ricard Garcia Vilanova. Destellos en la oscuridad (Siria, 2011-2015)."},"content":{"rendered":"<p>La Virreina: Una exposici\u00f3n muy actual. Aqu\u00ed al lado, en las Ramblas.<\/p>\n<p><iframe loading=\"lazy\" src=\"https:\/\/player.vimeo.com\/video\/135365475?title=0&amp;byline=0&amp;portrait=0\" width=\"500\" height=\"281\" frameborder=\"0\" allowfullscreen=\"allowfullscreen\"><\/iframe><\/p>\n<p>Ricard Garcia Vilanova (Barcelona, 1971) es el \u00fanico periodista gr\u00e1fico que ha estado en Siria desde el inicio del conflicto. Gracias a una cuarentena de fotograf\u00edas y nueve v\u00eddeos, la muestra que se presenta en La Virreina Centre de la Imatge documenta la evoluci\u00f3n de una guerra en la que no se ha respetado en ning\u00fan momento a la poblaci\u00f3n civil y que ha causado hasta ahora m\u00e1s de 215.000 muertos y siete millones de desplazados.<\/p>\n","protected":false},"excerpt":{"rendered":"<p>La Virreina: Una exposici\u00f3n muy actual. Aqu\u00ed al lado, en las Ramblas. Ricard Garcia Vilanova (Barcelona, 1971) es el \u00fanico periodista gr\u00e1fico que ha estado en Siria desde el inicio del conflicto. Gracias a una cuarentena de fotograf\u00edas y nueve v\u00eddeos, la muestra que se presenta en La Virreina Centre de la Imatge documenta la [&hellip;]<\/p>\n","protected":false},"author":1,"featured_media":0,"comment_status":"closed","ping_status":"closed","sticky":false,"template":"","format":"standard","meta":{"inline_featured_image":false,"jetpack_post_was_ever_published":false,"_jetpack_newsletter_access":"","_jetpack_dont_email_post_to_subs":false,"_jetpack_newsletter_tier_id":0,"_jetpack_memberships_contains_paywalled_content":false,"_jetpack_memberships_contains_paid_content":false,"footnotes":"","jetpack_publicize_message":"","jetpack_publicize_feature_enabled":true,"jetpack_social_post_already_shared":true,"jetpack_social_options":{"image_generator_settings":{"template":"highway","default_image_id":0,"font":"","enabled":false},"version":2}},"categories":[3,5],"tags":[],"class_list":["post-2465","post","type-post","status-publish","format-standard","hentry","category-cultura","category-noticias"],"yoast_head":"<!-- This site is optimized with the Yoast SEO plugin v27.4 - https:\/\/yoast.com\/product\/yoast-seo-wordpress\/ -->\n<title>Ricard Garcia Vilanova. Destellos en la oscuridad (Siria, 2011-2015). - Restaurant Ca L&#039;Estevet<\/title>\n<meta name=\"robots\" content=\"index, follow, max-snippet:-1, max-image-preview:large, max-video-preview:-1\" \/>\n<link rel=\"canonical\" href=\"https:\/\/www.restaurantestevet.com\/ko\/ricard-garcia-vilanova-destellos-en-la-oscuridad-siria-2011-2015\/\" \/>\n<meta property=\"og:locale\" content=\"ko_KR\" \/>\n<meta property=\"og:type\" content=\"article\" \/>\n<meta property=\"og:title\" content=\"Ricard Garcia Vilanova. Destellos en la oscuridad (Siria, 2011-2015). - Restaurant Ca L&#039;Estevet\" \/>\n<meta property=\"og:description\" content=\"La Virreina: Una exposici\u00f3n muy actual. Aqu\u00ed al lado, en las Ramblas. Ricard Garcia Vilanova (Barcelona, 1971) es el \u00fanico periodista gr\u00e1fico que ha estado en Siria desde el inicio del conflicto. Gracias a una cuarentena de fotograf\u00edas y nueve v\u00eddeos, la muestra que se presenta en La Virreina Centre de la Imatge documenta la [&hellip;]\" \/>\n<meta property=\"og:url\" content=\"https:\/\/www.restaurantestevet.com\/ko\/ricard-garcia-vilanova-destellos-en-la-oscuridad-siria-2011-2015\/\" \/>\n<meta property=\"og:site_name\" content=\"Restaurant Ca L&#039;Estevet\" \/>\n<meta property=\"article:publisher\" content=\"https:\/\/www.facebook.com\/restaurantestevet\" \/>\n<meta property=\"article:published_time\" content=\"2015-09-07T05:04:07+00:00\" \/>\n<meta name=\"author\" content=\"Restaurant Estevet\" \/>\n<meta name=\"twitter:label1\" content=\"\uae00\uc4f4\uc774\" \/>\n\t<meta name=\"twitter:data1\" content=\"Restaurant Estevet\" \/>\n<script type=\"application\/ld+json\" class=\"yoast-schema-graph\">{\"@context\":\"https:\\\/\\\/schema.org\",\"@graph\":[{\"@type\":\"Article\",\"@id\":\"https:\\\/\\\/www.restaurantestevet.com\\\/ko\\\/ricard-garcia-vilanova-destellos-en-la-oscuridad-siria-2011-2015\\\/#article\",\"isPartOf\":{\"@id\":\"https:\\\/\\\/www.restaurantestevet.com\\\/ko\\\/ricard-garcia-vilanova-destellos-en-la-oscuridad-siria-2011-2015\\\/\"},\"author\":{\"name\":\"Restaurant Estevet\",\"@id\":\"https:\\\/\\\/www.restaurantestevet.com\\\/ko\\\/#\\\/schema\\\/person\\\/b5c4764b9f06894c54f7ffa28499cea5\"},\"headline\":\"Ricard Garcia Vilanova. Destellos en la oscuridad (Siria, 2011-2015).\",\"datePublished\":\"2015-09-07T05:04:07+00:00\",\"mainEntityOfPage\":{\"@id\":\"https:\\\/\\\/www.restaurantestevet.com\\\/ko\\\/ricard-garcia-vilanova-destellos-en-la-oscuridad-siria-2011-2015\\\/\"},\"wordCount\":103,\"articleSection\":[\"Cultura\",\"Noticias\"],\"inLanguage\":\"ko-KR\"},{\"@type\":\"WebPage\",\"@id\":\"https:\\\/\\\/www.restaurantestevet.com\\\/ko\\\/ricard-garcia-vilanova-destellos-en-la-oscuridad-siria-2011-2015\\\/\",\"url\":\"https:\\\/\\\/www.restaurantestevet.com\\\/ko\\\/ricard-garcia-vilanova-destellos-en-la-oscuridad-siria-2011-2015\\\/\",\"name\":\"Ricard Garcia Vilanova. Destellos en la oscuridad (Siria, 2011-2015). - Restaurant Ca L&#039;Estevet\",\"isPartOf\":{\"@id\":\"https:\\\/\\\/www.restaurantestevet.com\\\/ko\\\/#website\"},\"datePublished\":\"2015-09-07T05:04:07+00:00\",\"author\":{\"@id\":\"https:\\\/\\\/www.restaurantestevet.com\\\/ko\\\/#\\\/schema\\\/person\\\/b5c4764b9f06894c54f7ffa28499cea5\"},\"breadcrumb\":{\"@id\":\"https:\\\/\\\/www.restaurantestevet.com\\\/ko\\\/ricard-garcia-vilanova-destellos-en-la-oscuridad-siria-2011-2015\\\/#breadcrumb\"},\"inLanguage\":\"ko-KR\",\"potentialAction\":[{\"@type\":\"ReadAction\",\"target\":[\"https:\\\/\\\/www.restaurantestevet.com\\\/ko\\\/ricard-garcia-vilanova-destellos-en-la-oscuridad-siria-2011-2015\\\/\"]}]},{\"@type\":\"BreadcrumbList\",\"@id\":\"https:\\\/\\\/www.restaurantestevet.com\\\/ko\\\/ricard-garcia-vilanova-destellos-en-la-oscuridad-siria-2011-2015\\\/#breadcrumb\",\"itemListElement\":[{\"@type\":\"ListItem\",\"position\":1,\"name\":\"Portada\",\"item\":\"https:\\\/\\\/www.restaurantestevet.com\\\/ko\\\/\"},{\"@type\":\"ListItem\",\"position\":2,\"name\":\"Ricard Garcia Vilanova. Destellos en la oscuridad (Siria, 2011-2015).\"}]},{\"@type\":\"WebSite\",\"@id\":\"https:\\\/\\\/www.restaurantestevet.com\\\/ko\\\/#website\",\"url\":\"https:\\\/\\\/www.restaurantestevet.com\\\/ko\\\/\",\"name\":\"Restaurant Ca L'Estevet\",\"description\":\"Cocina catalana. Este establecimiento est\u00e1 presente y es testigo de la movida barcelonesa desde finales del siglo XIX.\",\"potentialAction\":[{\"@type\":\"SearchAction\",\"target\":{\"@type\":\"EntryPoint\",\"urlTemplate\":\"https:\\\/\\\/www.restaurantestevet.com\\\/ko\\\/?s={search_term_string}\"},\"query-input\":{\"@type\":\"PropertyValueSpecification\",\"valueRequired\":true,\"valueName\":\"search_term_string\"}}],\"inLanguage\":\"ko-KR\"},{\"@type\":\"Person\",\"@id\":\"https:\\\/\\\/www.restaurantestevet.com\\\/ko\\\/#\\\/schema\\\/person\\\/b5c4764b9f06894c54f7ffa28499cea5\",\"name\":\"Restaurant Estevet\",\"image\":{\"@type\":\"ImageObject\",\"inLanguage\":\"ko-KR\",\"@id\":\"https:\\\/\\\/secure.gravatar.com\\\/avatar\\\/ba3eafe7ec82ed0143cbf0a9f46ab00a8bc552378ddd8c76c2508b10f9d28283?s=96&d=mm&r=g\",\"url\":\"https:\\\/\\\/secure.gravatar.com\\\/avatar\\\/ba3eafe7ec82ed0143cbf0a9f46ab00a8bc552378ddd8c76c2508b10f9d28283?s=96&d=mm&r=g\",\"contentUrl\":\"https:\\\/\\\/secure.gravatar.com\\\/avatar\\\/ba3eafe7ec82ed0143cbf0a9f46ab00a8bc552378ddd8c76c2508b10f9d28283?s=96&d=mm&r=g\",\"caption\":\"Restaurant Estevet\"}}]}<\/script>\n<!-- \/ Yoast SEO plugin. -->","yoast_head_json":{"title":"Ricard Garcia Vilanova. Destellos en la oscuridad (Siria, 2011-2015). - Restaurant Ca L&#039;Estevet","robots":{"index":"index","follow":"follow","max-snippet":"max-snippet:-1","max-image-preview":"max-image-preview:large","max-video-preview":"max-video-preview:-1"},"canonical":"https:\/\/www.restaurantestevet.com\/ko\/ricard-garcia-vilanova-destellos-en-la-oscuridad-siria-2011-2015\/","og_locale":"ko_KR","og_type":"article","og_title":"Ricard Garcia Vilanova. Destellos en la oscuridad (Siria, 2011-2015). - Restaurant Ca L&#039;Estevet","og_description":"La Virreina: Una exposici\u00f3n muy actual. Aqu\u00ed al lado, en las Ramblas. Ricard Garcia Vilanova (Barcelona, 1971) es el \u00fanico periodista gr\u00e1fico que ha estado en Siria desde el inicio del conflicto. Gracias a una cuarentena de fotograf\u00edas y nueve v\u00eddeos, la muestra que se presenta en La Virreina Centre de la Imatge documenta la [&hellip;]","og_url":"https:\/\/www.restaurantestevet.com\/ko\/ricard-garcia-vilanova-destellos-en-la-oscuridad-siria-2011-2015\/","og_site_name":"Restaurant Ca L&#039;Estevet","article_publisher":"https:\/\/www.facebook.com\/restaurantestevet","article_published_time":"2015-09-07T05:04:07+00:00","author":"Restaurant Estevet","twitter_misc":{"\uae00\uc4f4\uc774":"Restaurant Estevet"},"schema":{"@context":"https:\/\/schema.org","@graph":[{"@type":"Article","@id":"https:\/\/www.restaurantestevet.com\/ko\/ricard-garcia-vilanova-destellos-en-la-oscuridad-siria-2011-2015\/#article","isPartOf":{"@id":"https:\/\/www.restaurantestevet.com\/ko\/ricard-garcia-vilanova-destellos-en-la-oscuridad-siria-2011-2015\/"},"author":{"name":"Restaurant Estevet","@id":"https:\/\/www.restaurantestevet.com\/ko\/#\/schema\/person\/b5c4764b9f06894c54f7ffa28499cea5"},"headline":"Ricard Garcia Vilanova. Destellos en la oscuridad (Siria, 2011-2015).","datePublished":"2015-09-07T05:04:07+00:00","mainEntityOfPage":{"@id":"https:\/\/www.restaurantestevet.com\/ko\/ricard-garcia-vilanova-destellos-en-la-oscuridad-siria-2011-2015\/"},"wordCount":103,"articleSection":["Cultura","Noticias"],"inLanguage":"ko-KR"},{"@type":"WebPage","@id":"https:\/\/www.restaurantestevet.com\/ko\/ricard-garcia-vilanova-destellos-en-la-oscuridad-siria-2011-2015\/","url":"https:\/\/www.restaurantestevet.com\/ko\/ricard-garcia-vilanova-destellos-en-la-oscuridad-siria-2011-2015\/","name":"Ricard Garcia Vilanova. Destellos en la oscuridad (Siria, 2011-2015). - Restaurant Ca L&#039;Estevet","isPartOf":{"@id":"https:\/\/www.restaurantestevet.com\/ko\/#website"},"datePublished":"2015-09-07T05:04:07+00:00","author":{"@id":"https:\/\/www.restaurantestevet.com\/ko\/#\/schema\/person\/b5c4764b9f06894c54f7ffa28499cea5"},"breadcrumb":{"@id":"https:\/\/www.restaurantestevet.com\/ko\/ricard-garcia-vilanova-destellos-en-la-oscuridad-siria-2011-2015\/#breadcrumb"},"inLanguage":"ko-KR","potentialAction":[{"@type":"ReadAction","target":["https:\/\/www.restaurantestevet.com\/ko\/ricard-garcia-vilanova-destellos-en-la-oscuridad-siria-2011-2015\/"]}]},{"@type":"BreadcrumbList","@id":"https:\/\/www.restaurantestevet.com\/ko\/ricard-garcia-vilanova-destellos-en-la-oscuridad-siria-2011-2015\/#breadcrumb","itemListElement":[{"@type":"ListItem","position":1,"name":"Portada","item":"https:\/\/www.restaurantestevet.com\/ko\/"},{"@type":"ListItem","position":2,"name":"Ricard Garcia Vilanova. Destellos en la oscuridad (Siria, 2011-2015)."}]},{"@type":"WebSite","@id":"https:\/\/www.restaurantestevet.com\/ko\/#website","url":"https:\/\/www.restaurantestevet.com\/ko\/","name":"Restaurant Ca L'Estevet","description":"Cocina catalana. Este establecimiento est\u00e1 presente y es testigo de la movida barcelonesa desde finales del siglo XIX.","potentialAction":[{"@type":"SearchAction","target":{"@type":"EntryPoint","urlTemplate":"https:\/\/www.restaurantestevet.com\/ko\/?s={search_term_string}"},"query-input":{"@type":"PropertyValueSpecification","valueRequired":true,"valueName":"search_term_string"}}],"inLanguage":"ko-KR"},{"@type":"Person","@id":"https:\/\/www.restaurantestevet.com\/ko\/#\/schema\/person\/b5c4764b9f06894c54f7ffa28499cea5","name":"Restaurant Estevet","image":{"@type":"ImageObject","inLanguage":"ko-KR","@id":"https:\/\/secure.gravatar.com\/avatar\/ba3eafe7ec82ed0143cbf0a9f46ab00a8bc552378ddd8c76c2508b10f9d28283?s=96&d=mm&r=g","url":"https:\/\/secure.gravatar.com\/avatar\/ba3eafe7ec82ed0143cbf0a9f46ab00a8bc552378ddd8c76c2508b10f9d28283?s=96&d=mm&r=g","contentUrl":"https:\/\/secure.gravatar.com\/avatar\/ba3eafe7ec82ed0143cbf0a9f46ab00a8bc552378ddd8c76c2508b10f9d28283?s=96&d=mm&r=g","caption":"Restaurant Estevet"}}]}},"jetpack_publicize_connections":[],"jetpack_featured_media_url":"","jetpack_sharing_enabled":true,"jetpack_shortlink":"https:\/\/wp.me\/p6oEY6-DL","jetpack_likes_enabled":true,"_links":{"self":[{"href":"https:\/\/www.restaurantestevet.com\/ko\/wp-json\/wp\/v2\/posts\/2465","targetHints":{"allow":["GET"]}}],"collection":[{"href":"https:\/\/www.restaurantestevet.com\/ko\/wp-json\/wp\/v2\/posts"}],"about":[{"href":"https:\/\/www.restaurantestevet.com\/ko\/wp-json\/wp\/v2\/types\/post"}],"author":[{"embeddable":true,"href":"https:\/\/www.restaurantestevet.com\/ko\/wp-json\/wp\/v2\/users\/1"}],"replies":[{"embeddable":true,"href":"https:\/\/www.restaurantestevet.com\/ko\/wp-json\/wp\/v2\/comments?post=2465"}],"version-history":[{"count":0,"href":"https:\/\/www.restaurantestevet.com\/ko\/wp-json\/wp\/v2\/posts\/2465\/revisions"}],"wp:attachment":[{"href":"https:\/\/www.restaurantestevet.com\/ko\/wp-json\/wp\/v2\/media?parent=2465"}],"wp:term":[{"taxonomy":"category","embeddable":true,"href":"https:\/\/www.restaurantestevet.com\/ko\/wp-json\/wp\/v2\/categories?post=2465"},{"taxonomy":"post_tag","embeddable":true,"href":"https:\/\/www.restaurantestevet.com\/ko\/wp-json\/wp\/v2\/tags?post=2465"}],"curies":[{"name":"wp","href":"https:\/\/api.w.org\/{rel}","templated":true}]}}