{"id":23285,"date":"2024-09-20T09:08:00","date_gmt":"2024-09-20T07:08:00","guid":{"rendered":"https:\/\/www.restaurantestevet.com\/?p=23285"},"modified":"2024-09-20T09:08:00","modified_gmt":"2024-09-20T07:08:00","slug":"la-merce-2024-porta-a-barcelona-tota-la-vitalitat-de-lescena-musical-les-arts-de-carrer-i-la-cultura-popular","status":"publish","type":"post","link":"https:\/\/www.restaurantestevet.com\/ko\/la-merce-2024-porta-a-barcelona-tota-la-vitalitat-de-lescena-musical-les-arts-de-carrer-i-la-cultura-popular\/","title":{"rendered":"La Merc\u00e8 2024 porta a Barcelona tota la vitalitat de l\u2019escena musical, les arts de carrer i la cultura popular."},"content":{"rendered":"<p><iframe loading=\"lazy\" width=\"560\" height=\"315\" src=\"https:\/\/www.youtube.com\/embed\/kTTmkEgd8WY?si=0r1dEl-m6P7jmHQm\" title=\"YouTube video player\" frameborder=\"0\" allow=\"accelerometer; autoplay; clipboard-write; encrypted-media; gyroscope; picture-in-picture; web-share\" referrerpolicy=\"strict-origin-when-cross-origin\" allowfullscreen><\/iframe><br \/>\nLa m\u00fasica en tots els seus g\u00e8neres i estils, la cultura popular i les arts de carrer tornaran a ser protagonistes de la programaci\u00f3 de les festes de la Merc\u00e8 de Barcelona, que tindran lloc del 20 al 24 de setembre.<\/p>\n<p>La lectura del preg\u00f3, per la il\u00b7lustradora Carme Sol\u00e9 Vendrell el divendres 20 de setembre al Sal\u00f3 de Cent,<br \/>\nobrir\u00e0 una intensa programaci\u00f3 festiva de m\u00fasica, arts de carrer i cultura popular que s\u2019allargar\u00e0 fins al dimarts 24.<br \/>\nSer\u00e0 el punt de partida de quatre dies intensos, en qu\u00e8 tota la ciutat tindr\u00e0 l\u2019oportunitat de viure la festa. La diversitat de la programaci\u00f3, multidisciplinar, sensible als diferents gustos i tend\u00e8ncies i amb acc\u00e9s lliure, est\u00e0 plantejada per resultar atractiva a tots tipus de p\u00fablics.<\/p>\n","protected":false},"excerpt":{"rendered":"<p>La m\u00fasica en tots els seus g\u00e8neres i estils, la cultura popular i les arts de carrer tornaran a ser protagonistes de la programaci\u00f3 de les festes de la Merc\u00e8 de Barcelona, que tindran lloc del 20 al 24 de setembre. La lectura del preg\u00f3, per la il\u00b7lustradora Carme Sol\u00e9 Vendrell el divendres 20 de [&hellip;]<\/p>\n","protected":false},"author":1,"featured_media":0,"comment_status":"closed","ping_status":"closed","sticky":false,"template":"","format":"standard","meta":{"inline_featured_image":false,"jetpack_post_was_ever_published":false,"_jetpack_newsletter_access":"","_jetpack_dont_email_post_to_subs":false,"_jetpack_newsletter_tier_id":0,"_jetpack_memberships_contains_paywalled_content":false,"_jetpack_memberships_contains_paid_content":false,"footnotes":"","jetpack_publicize_message":"","jetpack_publicize_feature_enabled":true,"jetpack_social_post_already_shared":true,"jetpack_social_options":{"image_generator_settings":{"template":"highway","default_image_id":0,"font":"","enabled":false},"version":2}},"categories":[3,126,139],"tags":[],"class_list":{"0":"post-23285","1":"post","2":"type-post","3":"status-publish","4":"format-standard","5":"hentry","6":"category-cultura","8":"category-culture"},"yoast_head":"<!-- This site is optimized with the Yoast SEO plugin v27.4 - https:\/\/yoast.com\/product\/yoast-seo-wordpress\/ -->\n<title>La Merc\u00e8 2024 porta a Barcelona tota la vitalitat de l\u2019escena musical, les arts de carrer i la cultura popular. - Restaurant Ca L&#039;Estevet<\/title>\n<meta name=\"description\" content=\"Ser\u00e0 el punt de partida de quatre dies intensos, en qu\u00e8 tota la ciutat tindr\u00e0 l\u2019oportunitat de viure la festa. La diversitat de la programaci\u00f3, multidisciplinar, sensible als diferents gustos i tend\u00e8ncies i amb acc\u00e9s lliure, est\u00e0 plantejada per resultar atractiva a tots tipus de p\u00fablics.\" \/>\n<meta name=\"robots\" content=\"index, follow, max-snippet:-1, max-image-preview:large, max-video-preview:-1\" \/>\n<link rel=\"canonical\" href=\"https:\/\/www.restaurantestevet.com\/ko\/la-merce-2024-porta-a-barcelona-tota-la-vitalitat-de-lescena-musical-les-arts-de-carrer-i-la-cultura-popular\/\" \/>\n<meta property=\"og:locale\" content=\"ko_KR\" \/>\n<meta property=\"og:type\" content=\"article\" \/>\n<meta property=\"og:title\" content=\"La Merc\u00e8 2024 porta a Barcelona tota la vitalitat de l\u2019escena musical, les arts de carrer i la cultura popular. - Restaurant Ca L&#039;Estevet\" \/>\n<meta property=\"og:description\" content=\"Ser\u00e0 el punt de partida de quatre dies intensos, en qu\u00e8 tota la ciutat tindr\u00e0 l\u2019oportunitat de viure la festa. La diversitat de la programaci\u00f3, multidisciplinar, sensible als diferents gustos i tend\u00e8ncies i amb acc\u00e9s lliure, est\u00e0 plantejada per resultar atractiva a tots tipus de p\u00fablics.\" \/>\n<meta property=\"og:url\" content=\"https:\/\/www.restaurantestevet.com\/ko\/la-merce-2024-porta-a-barcelona-tota-la-vitalitat-de-lescena-musical-les-arts-de-carrer-i-la-cultura-popular\/\" \/>\n<meta property=\"og:site_name\" content=\"Restaurant Ca L&#039;Estevet\" \/>\n<meta property=\"article:publisher\" content=\"https:\/\/www.facebook.com\/restaurantestevet\" \/>\n<meta property=\"article:published_time\" content=\"2024-09-20T07:08:00+00:00\" \/>\n<meta name=\"author\" content=\"Restaurant Estevet\" \/>\n<meta name=\"twitter:label1\" content=\"\uae00\uc4f4\uc774\" \/>\n\t<meta name=\"twitter:data1\" content=\"Restaurant Estevet\" \/>\n\t<meta name=\"twitter:label2\" content=\"\uc608\uc0c1 \ub418\ub294 \ud310\ub3c5 \uc2dc\uac04\" \/>\n\t<meta name=\"twitter:data2\" content=\"1\ubd84\" \/>\n<script type=\"application\/ld+json\" class=\"yoast-schema-graph\">{\"@context\":\"https:\\\/\\\/schema.org\",\"@graph\":[{\"@type\":\"Article\",\"@id\":\"https:\\\/\\\/www.restaurantestevet.com\\\/ko\\\/la-merce-2024-porta-a-barcelona-tota-la-vitalitat-de-lescena-musical-les-arts-de-carrer-i-la-cultura-popular\\\/#article\",\"isPartOf\":{\"@id\":\"https:\\\/\\\/www.restaurantestevet.com\\\/ko\\\/la-merce-2024-porta-a-barcelona-tota-la-vitalitat-de-lescena-musical-les-arts-de-carrer-i-la-cultura-popular\\\/\"},\"author\":{\"name\":\"Restaurant Estevet\",\"@id\":\"https:\\\/\\\/www.restaurantestevet.com\\\/ko\\\/#\\\/schema\\\/person\\\/b5c4764b9f06894c54f7ffa28499cea5\"},\"headline\":\"La Merc\u00e8 2024 porta a Barcelona tota la vitalitat de l\u2019escena musical, les arts de carrer i la cultura popular.\",\"datePublished\":\"2024-09-20T07:08:00+00:00\",\"mainEntityOfPage\":{\"@id\":\"https:\\\/\\\/www.restaurantestevet.com\\\/ko\\\/la-merce-2024-porta-a-barcelona-tota-la-vitalitat-de-lescena-musical-les-arts-de-carrer-i-la-cultura-popular\\\/\"},\"wordCount\":150,\"articleSection\":[\"Cultura\",\"Cultura\",\"Culture\"],\"inLanguage\":\"ko-KR\"},{\"@type\":\"WebPage\",\"@id\":\"https:\\\/\\\/www.restaurantestevet.com\\\/ko\\\/la-merce-2024-porta-a-barcelona-tota-la-vitalitat-de-lescena-musical-les-arts-de-carrer-i-la-cultura-popular\\\/\",\"url\":\"https:\\\/\\\/www.restaurantestevet.com\\\/ko\\\/la-merce-2024-porta-a-barcelona-tota-la-vitalitat-de-lescena-musical-les-arts-de-carrer-i-la-cultura-popular\\\/\",\"name\":\"La Merc\u00e8 2024 porta a Barcelona tota la vitalitat de l\u2019escena musical, les arts de carrer i la cultura popular. - Restaurant Ca L&#039;Estevet\",\"isPartOf\":{\"@id\":\"https:\\\/\\\/www.restaurantestevet.com\\\/ko\\\/#website\"},\"datePublished\":\"2024-09-20T07:08:00+00:00\",\"author\":{\"@id\":\"https:\\\/\\\/www.restaurantestevet.com\\\/ko\\\/#\\\/schema\\\/person\\\/b5c4764b9f06894c54f7ffa28499cea5\"},\"description\":\"Ser\u00e0 el punt de partida de quatre dies intensos, en qu\u00e8 tota la ciutat tindr\u00e0 l\u2019oportunitat de viure la festa. La diversitat de la programaci\u00f3, multidisciplinar, sensible als diferents gustos i tend\u00e8ncies i amb acc\u00e9s lliure, est\u00e0 plantejada per resultar atractiva a tots tipus de p\u00fablics.\",\"breadcrumb\":{\"@id\":\"https:\\\/\\\/www.restaurantestevet.com\\\/ko\\\/la-merce-2024-porta-a-barcelona-tota-la-vitalitat-de-lescena-musical-les-arts-de-carrer-i-la-cultura-popular\\\/#breadcrumb\"},\"inLanguage\":\"ko-KR\",\"potentialAction\":[{\"@type\":\"ReadAction\",\"target\":[\"https:\\\/\\\/www.restaurantestevet.com\\\/ko\\\/la-merce-2024-porta-a-barcelona-tota-la-vitalitat-de-lescena-musical-les-arts-de-carrer-i-la-cultura-popular\\\/\"]}]},{\"@type\":\"BreadcrumbList\",\"@id\":\"https:\\\/\\\/www.restaurantestevet.com\\\/ko\\\/la-merce-2024-porta-a-barcelona-tota-la-vitalitat-de-lescena-musical-les-arts-de-carrer-i-la-cultura-popular\\\/#breadcrumb\",\"itemListElement\":[{\"@type\":\"ListItem\",\"position\":1,\"name\":\"Portada\",\"item\":\"https:\\\/\\\/www.restaurantestevet.com\\\/ko\\\/\"},{\"@type\":\"ListItem\",\"position\":2,\"name\":\"La Merc\u00e8 2024 porta a Barcelona tota la vitalitat de l\u2019escena musical, les arts de carrer i la cultura popular.\"}]},{\"@type\":\"WebSite\",\"@id\":\"https:\\\/\\\/www.restaurantestevet.com\\\/ko\\\/#website\",\"url\":\"https:\\\/\\\/www.restaurantestevet.com\\\/ko\\\/\",\"name\":\"Restaurant Ca L'Estevet\",\"description\":\"Cocina catalana. Este establecimiento est\u00e1 presente y es testigo de la movida barcelonesa desde finales del siglo XIX.\",\"potentialAction\":[{\"@type\":\"SearchAction\",\"target\":{\"@type\":\"EntryPoint\",\"urlTemplate\":\"https:\\\/\\\/www.restaurantestevet.com\\\/ko\\\/?s={search_term_string}\"},\"query-input\":{\"@type\":\"PropertyValueSpecification\",\"valueRequired\":true,\"valueName\":\"search_term_string\"}}],\"inLanguage\":\"ko-KR\"},{\"@type\":\"Person\",\"@id\":\"https:\\\/\\\/www.restaurantestevet.com\\\/ko\\\/#\\\/schema\\\/person\\\/b5c4764b9f06894c54f7ffa28499cea5\",\"name\":\"Restaurant Estevet\",\"image\":{\"@type\":\"ImageObject\",\"inLanguage\":\"ko-KR\",\"@id\":\"https:\\\/\\\/secure.gravatar.com\\\/avatar\\\/ba3eafe7ec82ed0143cbf0a9f46ab00a8bc552378ddd8c76c2508b10f9d28283?s=96&d=mm&r=g\",\"url\":\"https:\\\/\\\/secure.gravatar.com\\\/avatar\\\/ba3eafe7ec82ed0143cbf0a9f46ab00a8bc552378ddd8c76c2508b10f9d28283?s=96&d=mm&r=g\",\"contentUrl\":\"https:\\\/\\\/secure.gravatar.com\\\/avatar\\\/ba3eafe7ec82ed0143cbf0a9f46ab00a8bc552378ddd8c76c2508b10f9d28283?s=96&d=mm&r=g\",\"caption\":\"Restaurant Estevet\"}}]}<\/script>\n<!-- \/ Yoast SEO plugin. -->","yoast_head_json":{"title":"La Merc\u00e8 2024 porta a Barcelona tota la vitalitat de l\u2019escena musical, les arts de carrer i la cultura popular. - Restaurant Ca L&#039;Estevet","description":"Ser\u00e0 el punt de partida de quatre dies intensos, en qu\u00e8 tota la ciutat tindr\u00e0 l\u2019oportunitat de viure la festa. La diversitat de la programaci\u00f3, multidisciplinar, sensible als diferents gustos i tend\u00e8ncies i amb acc\u00e9s lliure, est\u00e0 plantejada per resultar atractiva a tots tipus de p\u00fablics.","robots":{"index":"index","follow":"follow","max-snippet":"max-snippet:-1","max-image-preview":"max-image-preview:large","max-video-preview":"max-video-preview:-1"},"canonical":"https:\/\/www.restaurantestevet.com\/ko\/la-merce-2024-porta-a-barcelona-tota-la-vitalitat-de-lescena-musical-les-arts-de-carrer-i-la-cultura-popular\/","og_locale":"ko_KR","og_type":"article","og_title":"La Merc\u00e8 2024 porta a Barcelona tota la vitalitat de l\u2019escena musical, les arts de carrer i la cultura popular. - Restaurant Ca L&#039;Estevet","og_description":"Ser\u00e0 el punt de partida de quatre dies intensos, en qu\u00e8 tota la ciutat tindr\u00e0 l\u2019oportunitat de viure la festa. La diversitat de la programaci\u00f3, multidisciplinar, sensible als diferents gustos i tend\u00e8ncies i amb acc\u00e9s lliure, est\u00e0 plantejada per resultar atractiva a tots tipus de p\u00fablics.","og_url":"https:\/\/www.restaurantestevet.com\/ko\/la-merce-2024-porta-a-barcelona-tota-la-vitalitat-de-lescena-musical-les-arts-de-carrer-i-la-cultura-popular\/","og_site_name":"Restaurant Ca L&#039;Estevet","article_publisher":"https:\/\/www.facebook.com\/restaurantestevet","article_published_time":"2024-09-20T07:08:00+00:00","author":"Restaurant Estevet","twitter_misc":{"\uae00\uc4f4\uc774":"Restaurant Estevet","\uc608\uc0c1 \ub418\ub294 \ud310\ub3c5 \uc2dc\uac04":"1\ubd84"},"schema":{"@context":"https:\/\/schema.org","@graph":[{"@type":"Article","@id":"https:\/\/www.restaurantestevet.com\/ko\/la-merce-2024-porta-a-barcelona-tota-la-vitalitat-de-lescena-musical-les-arts-de-carrer-i-la-cultura-popular\/#article","isPartOf":{"@id":"https:\/\/www.restaurantestevet.com\/ko\/la-merce-2024-porta-a-barcelona-tota-la-vitalitat-de-lescena-musical-les-arts-de-carrer-i-la-cultura-popular\/"},"author":{"name":"Restaurant Estevet","@id":"https:\/\/www.restaurantestevet.com\/ko\/#\/schema\/person\/b5c4764b9f06894c54f7ffa28499cea5"},"headline":"La Merc\u00e8 2024 porta a Barcelona tota la vitalitat de l\u2019escena musical, les arts de carrer i la cultura popular.","datePublished":"2024-09-20T07:08:00+00:00","mainEntityOfPage":{"@id":"https:\/\/www.restaurantestevet.com\/ko\/la-merce-2024-porta-a-barcelona-tota-la-vitalitat-de-lescena-musical-les-arts-de-carrer-i-la-cultura-popular\/"},"wordCount":150,"articleSection":["Cultura","Cultura","Culture"],"inLanguage":"ko-KR"},{"@type":"WebPage","@id":"https:\/\/www.restaurantestevet.com\/ko\/la-merce-2024-porta-a-barcelona-tota-la-vitalitat-de-lescena-musical-les-arts-de-carrer-i-la-cultura-popular\/","url":"https:\/\/www.restaurantestevet.com\/ko\/la-merce-2024-porta-a-barcelona-tota-la-vitalitat-de-lescena-musical-les-arts-de-carrer-i-la-cultura-popular\/","name":"La Merc\u00e8 2024 porta a Barcelona tota la vitalitat de l\u2019escena musical, les arts de carrer i la cultura popular. - Restaurant Ca L&#039;Estevet","isPartOf":{"@id":"https:\/\/www.restaurantestevet.com\/ko\/#website"},"datePublished":"2024-09-20T07:08:00+00:00","author":{"@id":"https:\/\/www.restaurantestevet.com\/ko\/#\/schema\/person\/b5c4764b9f06894c54f7ffa28499cea5"},"description":"Ser\u00e0 el punt de partida de quatre dies intensos, en qu\u00e8 tota la ciutat tindr\u00e0 l\u2019oportunitat de viure la festa. La diversitat de la programaci\u00f3, multidisciplinar, sensible als diferents gustos i tend\u00e8ncies i amb acc\u00e9s lliure, est\u00e0 plantejada per resultar atractiva a tots tipus de p\u00fablics.","breadcrumb":{"@id":"https:\/\/www.restaurantestevet.com\/ko\/la-merce-2024-porta-a-barcelona-tota-la-vitalitat-de-lescena-musical-les-arts-de-carrer-i-la-cultura-popular\/#breadcrumb"},"inLanguage":"ko-KR","potentialAction":[{"@type":"ReadAction","target":["https:\/\/www.restaurantestevet.com\/ko\/la-merce-2024-porta-a-barcelona-tota-la-vitalitat-de-lescena-musical-les-arts-de-carrer-i-la-cultura-popular\/"]}]},{"@type":"BreadcrumbList","@id":"https:\/\/www.restaurantestevet.com\/ko\/la-merce-2024-porta-a-barcelona-tota-la-vitalitat-de-lescena-musical-les-arts-de-carrer-i-la-cultura-popular\/#breadcrumb","itemListElement":[{"@type":"ListItem","position":1,"name":"Portada","item":"https:\/\/www.restaurantestevet.com\/ko\/"},{"@type":"ListItem","position":2,"name":"La Merc\u00e8 2024 porta a Barcelona tota la vitalitat de l\u2019escena musical, les arts de carrer i la cultura popular."}]},{"@type":"WebSite","@id":"https:\/\/www.restaurantestevet.com\/ko\/#website","url":"https:\/\/www.restaurantestevet.com\/ko\/","name":"Restaurant Ca L'Estevet","description":"Cocina catalana. Este establecimiento est\u00e1 presente y es testigo de la movida barcelonesa desde finales del siglo XIX.","potentialAction":[{"@type":"SearchAction","target":{"@type":"EntryPoint","urlTemplate":"https:\/\/www.restaurantestevet.com\/ko\/?s={search_term_string}"},"query-input":{"@type":"PropertyValueSpecification","valueRequired":true,"valueName":"search_term_string"}}],"inLanguage":"ko-KR"},{"@type":"Person","@id":"https:\/\/www.restaurantestevet.com\/ko\/#\/schema\/person\/b5c4764b9f06894c54f7ffa28499cea5","name":"Restaurant Estevet","image":{"@type":"ImageObject","inLanguage":"ko-KR","@id":"https:\/\/secure.gravatar.com\/avatar\/ba3eafe7ec82ed0143cbf0a9f46ab00a8bc552378ddd8c76c2508b10f9d28283?s=96&d=mm&r=g","url":"https:\/\/secure.gravatar.com\/avatar\/ba3eafe7ec82ed0143cbf0a9f46ab00a8bc552378ddd8c76c2508b10f9d28283?s=96&d=mm&r=g","contentUrl":"https:\/\/secure.gravatar.com\/avatar\/ba3eafe7ec82ed0143cbf0a9f46ab00a8bc552378ddd8c76c2508b10f9d28283?s=96&d=mm&r=g","caption":"Restaurant Estevet"}}]}},"jetpack_publicize_connections":[],"jetpack_featured_media_url":"","jetpack_sharing_enabled":true,"jetpack_shortlink":"https:\/\/wp.me\/p6oEY6-63z","jetpack_likes_enabled":true,"_links":{"self":[{"href":"https:\/\/www.restaurantestevet.com\/ko\/wp-json\/wp\/v2\/posts\/23285","targetHints":{"allow":["GET"]}}],"collection":[{"href":"https:\/\/www.restaurantestevet.com\/ko\/wp-json\/wp\/v2\/posts"}],"about":[{"href":"https:\/\/www.restaurantestevet.com\/ko\/wp-json\/wp\/v2\/types\/post"}],"author":[{"embeddable":true,"href":"https:\/\/www.restaurantestevet.com\/ko\/wp-json\/wp\/v2\/users\/1"}],"replies":[{"embeddable":true,"href":"https:\/\/www.restaurantestevet.com\/ko\/wp-json\/wp\/v2\/comments?post=23285"}],"version-history":[{"count":3,"href":"https:\/\/www.restaurantestevet.com\/ko\/wp-json\/wp\/v2\/posts\/23285\/revisions"}],"predecessor-version":[{"id":23288,"href":"https:\/\/www.restaurantestevet.com\/ko\/wp-json\/wp\/v2\/posts\/23285\/revisions\/23288"}],"wp:attachment":[{"href":"https:\/\/www.restaurantestevet.com\/ko\/wp-json\/wp\/v2\/media?parent=23285"}],"wp:term":[{"taxonomy":"category","embeddable":true,"href":"https:\/\/www.restaurantestevet.com\/ko\/wp-json\/wp\/v2\/categories?post=23285"},{"taxonomy":"post_tag","embeddable":true,"href":"https:\/\/www.restaurantestevet.com\/ko\/wp-json\/wp\/v2\/tags?post=23285"}],"curies":[{"name":"wp","href":"https:\/\/api.w.org\/{rel}","templated":true}]}}