{"id":26323,"date":"2026-09-03T18:18:46","date_gmt":"2026-09-03T16:18:46","guid":{"rendered":"https:\/\/www.restaurantestevet.com\/?p=26323"},"modified":"2026-09-03T18:18:46","modified_gmt":"2026-09-03T16:18:46","slug":"a-la-filmoteca-cicle-fritz-lang-el-periode-sonor","status":"publish","type":"post","link":"https:\/\/www.restaurantestevet.com\/fr\/a-la-filmoteca-cicle-fritz-lang-el-periode-sonor\/","title":{"rendered":"A LA FILMOTECA, CICLE  Fritz Lang.  El per\u00edode sonor"},"content":{"rendered":"<p>Poc abans de fugir de l\u2019Alemanya nazi, Fritz Lang entra en el cinema sonor per la porta gran tot revolucionant la nova tecnologia d\u2019aleshores amb M (1931), un film en qu\u00e8 els sons, el silenci i el fora de camp sonor s\u2019integraven de manera innovadora en la narraci\u00f3.<br \/>\n<iframe loading=\"lazy\" title=\"YouTube video player\" src=\"https:\/\/www.youtube.com\/embed\/1KrUG9oAR8I?si=7aVdPqzB4jk7O1Dh\" width=\"560\" height=\"315\" frameborder=\"0\" allowfullscreen=\"allowfullscreen\"><\/iframe><\/p>\n<p>Aquesta transici\u00f3 significa per al cineasta el pas d\u2019un univers monumental i fant\u00e0stic a un estil contingut i realista, centrat en personatges m\u00e9s quotidians, allunyats dels superherois i els supercriminals de l\u2019etapa muda.<br \/>\nEn arribar als Estats Units, Lang trasllada amb naturalitat les seves obsessions tem\u00e0tiques al sistema d\u2019estudis de Hollywood.<br \/>\n<iframe loading=\"lazy\" title=\"YouTube video player\" src=\"https:\/\/www.youtube.com\/embed\/AUxqQaL7K4o?si=gX2ErmxfNIuC4i7o\" width=\"560\" height=\"315\" frameborder=\"0\" allowfullscreen=\"allowfullscreen\"><\/iframe><\/p>\n<p>Destaca en g\u00e8neres com el western, el d\u2019espies, el d\u2019aventures i, sobretot, el noir, al qual aporta la influ\u00e8ncia est\u00e8tica de l\u2019expressionisme alemany, i mant\u00e9 molts dels elements constants de la seva filmografia com ara la fatalitat del dest\u00ed, la culpa, la moral ambigua o l\u2019individu enfront de sistemes opressius.<br \/>\n<iframe loading=\"lazy\" title=\"YouTube video player\" src=\"https:\/\/www.youtube.com\/embed\/NW9PCqWNbus?si=cmVQBAM27nZKg_p1\" width=\"560\" height=\"315\" frameborder=\"0\" allowfullscreen=\"allowfullscreen\"><\/iframe><\/p>\n<p>Finalment, al seu retorn a Europa el 1959, recupera el sentit de l\u2019espectacle de les primeres pel\u00b7l\u00edcules i culmina una de les obres m\u00e9s coherents i rigoroses del set\u00e8 art.<br \/>\n<iframe loading=\"lazy\" title=\"YouTube video player\" src=\"https:\/\/www.youtube.com\/embed\/FG9Nvw5BIS4?si=r3MS6gt1Fr2S9-a3\" width=\"560\" height=\"315\" frameborder=\"0\" allowfullscreen=\"allowfullscreen\"><\/iframe><\/p>\n<p>Fins al 25\/09\/2026.<\/p>\n","protected":false},"excerpt":{"rendered":"<p>Poc abans de fugir de l\u2019Alemanya nazi, Fritz Lang entra en el cinema sonor per la porta gran tot revolucionant la nova tecnologia d\u2019aleshores amb M (1931), un film en qu\u00e8 els sons, el silenci i el fora de camp sonor s\u2019integraven de manera innovadora en la narraci\u00f3. Aquesta transici\u00f3 significa per al cineasta el [&hellip;]<\/p>\n","protected":false},"author":1,"featured_media":0,"comment_status":"closed","ping_status":"closed","sticky":false,"template":"","format":"standard","meta":{"inline_featured_image":false,"_jetpack_newsletter_access":"","_jetpack_dont_email_post_to_subs":false,"_jetpack_newsletter_tier_id":0,"_jetpack_memberships_contains_paywalled_content":false,"_jetpack_feature_clip_id":0,"_jetpack_memberships_contains_paid_content":false,"footnotes":"","jetpack_publicize_message":"","jetpack_publicize_feature_enabled":true,"jetpack_social_post_already_shared":true,"jetpack_social_options":{"image_generator_settings":{"template":"highway","default_image_id":0,"font":"","enabled":false},"version":2},"jetpack_post_was_ever_published":false},"categories":[3,126,139],"tags":[],"class_list":["post-26323","post","type-post","status-publish","format-standard","hentry","category-cultura","category-culture"],"yoast_head":"<!-- This site is optimized with the Yoast SEO plugin v28.3 - https:\/\/yoast.com\/product\/yoast-seo-wordpress\/ -->\n<title>A LA FILMOTECA, CICLE Fritz Lang. El per\u00edode sonor - Restaurant Ca L&#039;Estevet<\/title>\n<meta name=\"description\" content=\"Durant la seva etapa alemanya va dirigir cl\u00e0ssics com Metropolis (1927) i M, el vampir de D\u00fcsseldorf (1931), per la qual cosa, en els seus inicis, va contribuir al moviment expressionista alemany. Des de mitjans dels anys trenta, va treballar exiliat a Hollywood, on es va convertir en un dels principals art\u00edfexs del cinema negre, si b\u00e9 no es va limitar a aquest g\u00e8nere. Se&#039;l considera un dels grans cineastes de la hist\u00f2ria del cinema.\" \/>\n<meta name=\"robots\" content=\"index, follow, max-snippet:-1, max-image-preview:large, max-video-preview:-1\" \/>\n<link rel=\"canonical\" href=\"https:\/\/www.restaurantestevet.com\/fr\/a-la-filmoteca-cicle-fritz-lang-el-periode-sonor\/\" \/>\n<meta property=\"og:locale\" content=\"fr_FR\" \/>\n<meta property=\"og:type\" content=\"article\" \/>\n<meta property=\"og:title\" content=\"A LA FILMOTECA, CICLE Fritz Lang. El per\u00edode sonor - Restaurant Ca L&#039;Estevet\" \/>\n<meta property=\"og:description\" content=\"Durant la seva etapa alemanya va dirigir cl\u00e0ssics com Metropolis (1927) i M, el vampir de D\u00fcsseldorf (1931), per la qual cosa, en els seus inicis, va contribuir al moviment expressionista alemany. Des de mitjans dels anys trenta, va treballar exiliat a Hollywood, on es va convertir en un dels principals art\u00edfexs del cinema negre, si b\u00e9 no es va limitar a aquest g\u00e8nere. Se&#039;l considera un dels grans cineastes de la hist\u00f2ria del cinema.\" \/>\n<meta property=\"og:url\" content=\"https:\/\/www.restaurantestevet.com\/fr\/a-la-filmoteca-cicle-fritz-lang-el-periode-sonor\/\" \/>\n<meta property=\"og:site_name\" content=\"Restaurant Ca L&#039;Estevet\" \/>\n<meta property=\"article:publisher\" content=\"https:\/\/www.facebook.com\/restaurantestevet\" \/>\n<meta property=\"article:published_time\" content=\"2026-09-03T16:18:46+00:00\" \/>\n<meta name=\"author\" content=\"Restaurant Estevet\" \/>\n<meta name=\"twitter:label1\" content=\"\u00c9crit par\" \/>\n\t<meta name=\"twitter:data1\" content=\"Restaurant Estevet\" \/>\n\t<meta name=\"twitter:label2\" content=\"Dur\u00e9e de lecture estim\u00e9e\" \/>\n\t<meta name=\"twitter:data2\" content=\"1 minute\" \/>\n<script type=\"application\/ld+json\" class=\"yoast-schema-graph\">{\"@context\":\"https:\\\/\\\/schema.org\",\"@graph\":[{\"@type\":\"Article\",\"@id\":\"https:\\\/\\\/www.restaurantestevet.com\\\/fr\\\/a-la-filmoteca-cicle-fritz-lang-el-periode-sonor\\\/#article\",\"isPartOf\":{\"@id\":\"https:\\\/\\\/www.restaurantestevet.com\\\/fr\\\/a-la-filmoteca-cicle-fritz-lang-el-periode-sonor\\\/\"},\"author\":{\"name\":\"Restaurant Estevet\",\"@id\":\"https:\\\/\\\/www.restaurantestevet.com\\\/fr\\\/#\\\/schema\\\/person\\\/b5c4764b9f06894c54f7ffa28499cea5\"},\"headline\":\"A LA FILMOTECA, CICLE Fritz Lang. El per\u00edode sonor\",\"datePublished\":\"2026-09-03T16:18:46+00:00\",\"mainEntityOfPage\":{\"@id\":\"https:\\\/\\\/www.restaurantestevet.com\\\/fr\\\/a-la-filmoteca-cicle-fritz-lang-el-periode-sonor\\\/\"},\"wordCount\":209,\"articleSection\":[\"Cultura\",\"Cultura\",\"Culture\"],\"inLanguage\":\"fr-FR\"},{\"@type\":\"WebPage\",\"@id\":\"https:\\\/\\\/www.restaurantestevet.com\\\/fr\\\/a-la-filmoteca-cicle-fritz-lang-el-periode-sonor\\\/\",\"url\":\"https:\\\/\\\/www.restaurantestevet.com\\\/fr\\\/a-la-filmoteca-cicle-fritz-lang-el-periode-sonor\\\/\",\"name\":\"A LA FILMOTECA, CICLE Fritz Lang. El per\u00edode sonor - Restaurant Ca L&#039;Estevet\",\"isPartOf\":{\"@id\":\"https:\\\/\\\/www.restaurantestevet.com\\\/fr\\\/#website\"},\"datePublished\":\"2026-09-03T16:18:46+00:00\",\"author\":{\"@id\":\"https:\\\/\\\/www.restaurantestevet.com\\\/fr\\\/#\\\/schema\\\/person\\\/b5c4764b9f06894c54f7ffa28499cea5\"},\"description\":\"Durant la seva etapa alemanya va dirigir cl\u00e0ssics com Metropolis (1927) i M, el vampir de D\u00fcsseldorf (1931), per la qual cosa, en els seus inicis, va contribuir al moviment expressionista alemany. Des de mitjans dels anys trenta, va treballar exiliat a Hollywood, on es va convertir en un dels principals art\u00edfexs del cinema negre, si b\u00e9 no es va limitar a aquest g\u00e8nere. Se'l considera un dels grans cineastes de la hist\u00f2ria del cinema.\",\"breadcrumb\":{\"@id\":\"https:\\\/\\\/www.restaurantestevet.com\\\/fr\\\/a-la-filmoteca-cicle-fritz-lang-el-periode-sonor\\\/#breadcrumb\"},\"inLanguage\":\"fr-FR\",\"potentialAction\":[{\"@type\":\"ReadAction\",\"target\":[\"https:\\\/\\\/www.restaurantestevet.com\\\/fr\\\/a-la-filmoteca-cicle-fritz-lang-el-periode-sonor\\\/\"]}]},{\"@type\":\"BreadcrumbList\",\"@id\":\"https:\\\/\\\/www.restaurantestevet.com\\\/fr\\\/a-la-filmoteca-cicle-fritz-lang-el-periode-sonor\\\/#breadcrumb\",\"itemListElement\":[{\"@type\":\"ListItem\",\"position\":1,\"name\":\"Portada\",\"item\":\"https:\\\/\\\/www.restaurantestevet.com\\\/fr\\\/\"},{\"@type\":\"ListItem\",\"position\":2,\"name\":\"A LA FILMOTECA, CICLE Fritz Lang. El per\u00edode sonor\"}]},{\"@type\":\"WebSite\",\"@id\":\"https:\\\/\\\/www.restaurantestevet.com\\\/fr\\\/#website\",\"url\":\"https:\\\/\\\/www.restaurantestevet.com\\\/fr\\\/\",\"name\":\"Restaurant Ca L'Estevet\",\"description\":\"Cocina catalana. Este establecimiento est\u00e1 presente y es testigo de la movida barcelonesa desde finales del siglo XIX.\",\"potentialAction\":[{\"@type\":\"SearchAction\",\"target\":{\"@type\":\"EntryPoint\",\"urlTemplate\":\"https:\\\/\\\/www.restaurantestevet.com\\\/fr\\\/?s={search_term_string}\"},\"query-input\":{\"@type\":\"PropertyValueSpecification\",\"valueRequired\":true,\"valueName\":\"search_term_string\"}}],\"inLanguage\":\"fr-FR\"},{\"@type\":\"Person\",\"@id\":\"https:\\\/\\\/www.restaurantestevet.com\\\/fr\\\/#\\\/schema\\\/person\\\/b5c4764b9f06894c54f7ffa28499cea5\",\"name\":\"Restaurant Estevet\",\"image\":{\"@type\":\"ImageObject\",\"inLanguage\":\"fr-FR\",\"@id\":\"https:\\\/\\\/secure.gravatar.com\\\/avatar\\\/ba3eafe7ec82ed0143cbf0a9f46ab00a8bc552378ddd8c76c2508b10f9d28283?s=96&d=mm&r=g\",\"url\":\"https:\\\/\\\/secure.gravatar.com\\\/avatar\\\/ba3eafe7ec82ed0143cbf0a9f46ab00a8bc552378ddd8c76c2508b10f9d28283?s=96&d=mm&r=g\",\"contentUrl\":\"https:\\\/\\\/secure.gravatar.com\\\/avatar\\\/ba3eafe7ec82ed0143cbf0a9f46ab00a8bc552378ddd8c76c2508b10f9d28283?s=96&d=mm&r=g\",\"caption\":\"Restaurant Estevet\"}}]}<\/script>\n<!-- \/ Yoast SEO plugin. -->","yoast_head_json":{"title":"A LA FILMOTECA, CICLE Fritz Lang. El per\u00edode sonor - Restaurant Ca L&#039;Estevet","description":"Durant la seva etapa alemanya va dirigir cl\u00e0ssics com Metropolis (1927) i M, el vampir de D\u00fcsseldorf (1931), per la qual cosa, en els seus inicis, va contribuir al moviment expressionista alemany. Des de mitjans dels anys trenta, va treballar exiliat a Hollywood, on es va convertir en un dels principals art\u00edfexs del cinema negre, si b\u00e9 no es va limitar a aquest g\u00e8nere. Se'l considera un dels grans cineastes de la hist\u00f2ria del cinema.","robots":{"index":"index","follow":"follow","max-snippet":"max-snippet:-1","max-image-preview":"max-image-preview:large","max-video-preview":"max-video-preview:-1"},"canonical":"https:\/\/www.restaurantestevet.com\/fr\/a-la-filmoteca-cicle-fritz-lang-el-periode-sonor\/","og_locale":"fr_FR","og_type":"article","og_title":"A LA FILMOTECA, CICLE Fritz Lang. El per\u00edode sonor - Restaurant Ca L&#039;Estevet","og_description":"Durant la seva etapa alemanya va dirigir cl\u00e0ssics com Metropolis (1927) i M, el vampir de D\u00fcsseldorf (1931), per la qual cosa, en els seus inicis, va contribuir al moviment expressionista alemany. Des de mitjans dels anys trenta, va treballar exiliat a Hollywood, on es va convertir en un dels principals art\u00edfexs del cinema negre, si b\u00e9 no es va limitar a aquest g\u00e8nere. Se'l considera un dels grans cineastes de la hist\u00f2ria del cinema.","og_url":"https:\/\/www.restaurantestevet.com\/fr\/a-la-filmoteca-cicle-fritz-lang-el-periode-sonor\/","og_site_name":"Restaurant Ca L&#039;Estevet","article_publisher":"https:\/\/www.facebook.com\/restaurantestevet","article_published_time":"2026-09-03T16:18:46+00:00","author":"Restaurant Estevet","twitter_misc":{"\u00c9crit par":"Restaurant Estevet","Dur\u00e9e de lecture estim\u00e9e":"1 minute"},"schema":{"@context":"https:\/\/schema.org","@graph":[{"@type":"Article","@id":"https:\/\/www.restaurantestevet.com\/fr\/a-la-filmoteca-cicle-fritz-lang-el-periode-sonor\/#article","isPartOf":{"@id":"https:\/\/www.restaurantestevet.com\/fr\/a-la-filmoteca-cicle-fritz-lang-el-periode-sonor\/"},"author":{"name":"Restaurant Estevet","@id":"https:\/\/www.restaurantestevet.com\/fr\/#\/schema\/person\/b5c4764b9f06894c54f7ffa28499cea5"},"headline":"A LA FILMOTECA, CICLE Fritz Lang. El per\u00edode sonor","datePublished":"2026-09-03T16:18:46+00:00","mainEntityOfPage":{"@id":"https:\/\/www.restaurantestevet.com\/fr\/a-la-filmoteca-cicle-fritz-lang-el-periode-sonor\/"},"wordCount":209,"articleSection":["Cultura","Cultura","Culture"],"inLanguage":"fr-FR"},{"@type":"WebPage","@id":"https:\/\/www.restaurantestevet.com\/fr\/a-la-filmoteca-cicle-fritz-lang-el-periode-sonor\/","url":"https:\/\/www.restaurantestevet.com\/fr\/a-la-filmoteca-cicle-fritz-lang-el-periode-sonor\/","name":"A LA FILMOTECA, CICLE Fritz Lang. El per\u00edode sonor - Restaurant Ca L&#039;Estevet","isPartOf":{"@id":"https:\/\/www.restaurantestevet.com\/fr\/#website"},"datePublished":"2026-09-03T16:18:46+00:00","author":{"@id":"https:\/\/www.restaurantestevet.com\/fr\/#\/schema\/person\/b5c4764b9f06894c54f7ffa28499cea5"},"description":"Durant la seva etapa alemanya va dirigir cl\u00e0ssics com Metropolis (1927) i M, el vampir de D\u00fcsseldorf (1931), per la qual cosa, en els seus inicis, va contribuir al moviment expressionista alemany. Des de mitjans dels anys trenta, va treballar exiliat a Hollywood, on es va convertir en un dels principals art\u00edfexs del cinema negre, si b\u00e9 no es va limitar a aquest g\u00e8nere. Se'l considera un dels grans cineastes de la hist\u00f2ria del cinema.","breadcrumb":{"@id":"https:\/\/www.restaurantestevet.com\/fr\/a-la-filmoteca-cicle-fritz-lang-el-periode-sonor\/#breadcrumb"},"inLanguage":"fr-FR","potentialAction":[{"@type":"ReadAction","target":["https:\/\/www.restaurantestevet.com\/fr\/a-la-filmoteca-cicle-fritz-lang-el-periode-sonor\/"]}]},{"@type":"BreadcrumbList","@id":"https:\/\/www.restaurantestevet.com\/fr\/a-la-filmoteca-cicle-fritz-lang-el-periode-sonor\/#breadcrumb","itemListElement":[{"@type":"ListItem","position":1,"name":"Portada","item":"https:\/\/www.restaurantestevet.com\/fr\/"},{"@type":"ListItem","position":2,"name":"A LA FILMOTECA, CICLE Fritz Lang. El per\u00edode sonor"}]},{"@type":"WebSite","@id":"https:\/\/www.restaurantestevet.com\/fr\/#website","url":"https:\/\/www.restaurantestevet.com\/fr\/","name":"Restaurant Ca L'Estevet","description":"Cocina catalana. Este establecimiento est\u00e1 presente y es testigo de la movida barcelonesa desde finales del siglo XIX.","potentialAction":[{"@type":"SearchAction","target":{"@type":"EntryPoint","urlTemplate":"https:\/\/www.restaurantestevet.com\/fr\/?s={search_term_string}"},"query-input":{"@type":"PropertyValueSpecification","valueRequired":true,"valueName":"search_term_string"}}],"inLanguage":"fr-FR"},{"@type":"Person","@id":"https:\/\/www.restaurantestevet.com\/fr\/#\/schema\/person\/b5c4764b9f06894c54f7ffa28499cea5","name":"Restaurant Estevet","image":{"@type":"ImageObject","inLanguage":"fr-FR","@id":"https:\/\/secure.gravatar.com\/avatar\/ba3eafe7ec82ed0143cbf0a9f46ab00a8bc552378ddd8c76c2508b10f9d28283?s=96&d=mm&r=g","url":"https:\/\/secure.gravatar.com\/avatar\/ba3eafe7ec82ed0143cbf0a9f46ab00a8bc552378ddd8c76c2508b10f9d28283?s=96&d=mm&r=g","contentUrl":"https:\/\/secure.gravatar.com\/avatar\/ba3eafe7ec82ed0143cbf0a9f46ab00a8bc552378ddd8c76c2508b10f9d28283?s=96&d=mm&r=g","caption":"Restaurant Estevet"}}]}},"jetpack_publicize_connections":[],"jetpack_sharing_enabled":true,"jetpack_shortlink":"https:\/\/wp.me\/p6oEY6-6Qz","jetpack_likes_enabled":true,"jetpack_featured_media_url":"","_links":{"self":[{"href":"https:\/\/www.restaurantestevet.com\/fr\/wp-json\/wp\/v2\/posts\/26323","targetHints":{"allow":["GET"]}}],"collection":[{"href":"https:\/\/www.restaurantestevet.com\/fr\/wp-json\/wp\/v2\/posts"}],"about":[{"href":"https:\/\/www.restaurantestevet.com\/fr\/wp-json\/wp\/v2\/types\/post"}],"author":[{"embeddable":true,"href":"https:\/\/www.restaurantestevet.com\/fr\/wp-json\/wp\/v2\/users\/1"}],"replies":[{"embeddable":true,"href":"https:\/\/www.restaurantestevet.com\/fr\/wp-json\/wp\/v2\/comments?post=26323"}],"version-history":[{"count":8,"href":"https:\/\/www.restaurantestevet.com\/fr\/wp-json\/wp\/v2\/posts\/26323\/revisions"}],"predecessor-version":[{"id":26331,"href":"https:\/\/www.restaurantestevet.com\/fr\/wp-json\/wp\/v2\/posts\/26323\/revisions\/26331"}],"wp:attachment":[{"href":"https:\/\/www.restaurantestevet.com\/fr\/wp-json\/wp\/v2\/media?parent=26323"}],"wp:term":[{"taxonomy":"category","embeddable":true,"href":"https:\/\/www.restaurantestevet.com\/fr\/wp-json\/wp\/v2\/categories?post=26323"},{"taxonomy":"post_tag","embeddable":true,"href":"https:\/\/www.restaurantestevet.com\/fr\/wp-json\/wp\/v2\/tags?post=26323"}],"curies":[{"name":"wp","href":"https:\/\/api.w.org\/{rel}","templated":true}]}}