{"id":26321,"date":"2026-09-04T09:52:00","date_gmt":"2026-09-04T07:52:00","guid":{"rendered":"https:\/\/www.restaurantestevet.com\/?p=26321"},"modified":"2026-09-03T09:53:59","modified_gmt":"2026-09-03T07:53:59","slug":"al-romea-el-hijo-de-la-comica-amb-jose-sacristan","status":"publish","type":"post","link":"https:\/\/www.restaurantestevet.com\/es\/al-romea-el-hijo-de-la-comica-amb-jose-sacristan\/","title":{"rendered":"AL ROMEA,  EL HIJO DE LA C\u00d3MICA, AMB JOS\u00c9 SACRISTAN."},"content":{"rendered":"<p><iframe loading=\"lazy\" title=\"YouTube video player\" src=\"https:\/\/www.youtube.com\/embed\/ezgzapSLfHs?si=xw4uaJYIPgqRM8cI\" width=\"560\" height=\"315\" frameborder=\"0\" allowfullscreen=\"allowfullscreen\"><\/iframe><\/p>\n<p>Si l&#8217;escriptor Delibes em va ensenyar a mirar, el c\u00f2mic Fern\u00e1n-G\u00f3mez, a escoltar.<br \/>\nDurant uns quants anys vaig tenir el privilegi d&#8217;estar a prop seu i escoltar-lo.<\/p>\n<p>Escoltar-lo, entre altres coses, la hist\u00f2ria de Fernanda L\u00f3pez, \u00abla rossa\u00bb, la seva bes\u00e0via, de qui va heretar el color de cabell i que era de Valdelaguna, un poble al costat de Chinch\u00f3n, el meu. I de Carolina G\u00f3mez, modista, l&#8217;\u00e0via que va cuidar la seva infantesa com Natividad L\u00f3pez, amb les seves feines, va cuidar la meva.<\/p>\n<p>Vam intercanviar i compartir coincid\u00e8ncies en tantes altres hist\u00f2ries.<\/p>\n<p>Hist\u00f2ries de superviv\u00e8ncia, d&#8217;abs\u00e8ncies, pors, esperances, somnis: de llibertat, d'\u00bbarribar a ser alg\u00fa\u00bb, de ser \u2013 per qu\u00e8 no?- Jackie Cooper, \u00abel de La isla del tesoro\u00bb, i tamb\u00e9 \u00abescriptor de novel\u00b7les de Salgari\u00bb.<\/p>\n<p>Ferma, orgullosament resolta en la seva melangia, sonava la veu de Fernando en recordar aquells temps, en recordar-se.<\/p>\n<p>Ecos de Baroja, Gald\u00f3s, Barea\u2026 rondaven per aquella mem\u00f2ria.<\/p>\n<p>Tamb\u00e9, a trav\u00e9s de la de Fernando, se m&#8217;apareixien les veus de la seva \u00e0via i de la meva, la llunyana de Carola, la seva mare, la de Mar\u00eda, la criada analfabeta aficionada a la poesia, la de Florentina i el \u00abjoder que piernas\u00bb del seu n\u00f2vio.<\/p>\n<p>La veu del nen somiador, la del meritori amb el seu grapat de castanyes pilongues a la butxaca, la del jove enamorat i amb pressa, amb molta pressa\u2026<\/p>\n<p>Veus en una sola veu.<\/p>\n<p>Confio que m&#8217;escolteu amb la mateixa o semblant emoci\u00f3 amb qu\u00e8 jo l&#8217;escoltava a ell,<br \/>\nel n\u00e9t de la modista,<br \/>\nel fill de la c\u00f2mica.<\/p>\n<p>Jos\u00e9 Sacrist\u00e1n<\/p>\n<p>FINS AL 4 D&#8217;OCTUBRE DE 2026<\/p>\n","protected":false},"excerpt":{"rendered":"<p>Si l&#8217;escriptor Delibes em va ensenyar a mirar, el c\u00f2mic Fern\u00e1n-G\u00f3mez, a escoltar. Durant uns quants anys vaig tenir el privilegi d&#8217;estar a prop seu i escoltar-lo. Escoltar-lo, entre altres coses, la hist\u00f2ria de Fernanda L\u00f3pez, \u00abla rossa\u00bb, la seva bes\u00e0via, de qui va heretar el color de cabell i que era de Valdelaguna, un [&hellip;]<\/p>\n","protected":false},"author":1,"featured_media":0,"comment_status":"closed","ping_status":"closed","sticky":false,"template":"","format":"standard","meta":{"inline_featured_image":false,"_jetpack_newsletter_access":"","_jetpack_dont_email_post_to_subs":false,"_jetpack_newsletter_tier_id":0,"_jetpack_memberships_contains_paywalled_content":false,"_jetpack_feature_clip_id":0,"_jetpack_memberships_contains_paid_content":false,"footnotes":"","jetpack_publicize_message":"","jetpack_publicize_feature_enabled":true,"jetpack_social_post_already_shared":true,"jetpack_social_options":{"image_generator_settings":{"template":"highway","default_image_id":0,"font":"","enabled":false},"version":2},"jetpack_post_was_ever_published":false},"categories":[3,126,139],"tags":[],"class_list":["post-26321","post","type-post","status-publish","format-standard","hentry","category-cultura","category-culture"],"yoast_head":"<!-- This site is optimized with the Yoast SEO plugin v28.3 - https:\/\/yoast.com\/product\/yoast-seo-wordpress\/ -->\n<title>AL ROMEA, EL HIJO DE LA C\u00d3MICA, AMB JOS\u00c9 SACRISTAN. - Restaurant Ca L&#039;Estevet<\/title>\n<meta name=\"description\" content=\"Jos\u00e9 Sacrist\u00e1n protagonitza un homenatge \u00edntim i emotiu a l&#039;actor, director i escriptor Fernando Fern\u00e1n-G\u00f3mez\" \/>\n<meta name=\"robots\" content=\"index, follow, max-snippet:-1, max-image-preview:large, max-video-preview:-1\" \/>\n<link rel=\"canonical\" href=\"https:\/\/www.restaurantestevet.com\/es\/al-romea-el-hijo-de-la-comica-amb-jose-sacristan\/\" \/>\n<meta property=\"og:locale\" content=\"es_ES\" \/>\n<meta property=\"og:type\" content=\"article\" \/>\n<meta property=\"og:title\" content=\"AL ROMEA, EL HIJO DE LA C\u00d3MICA, AMB JOS\u00c9 SACRISTAN. - Restaurant Ca L&#039;Estevet\" \/>\n<meta property=\"og:description\" content=\"Jos\u00e9 Sacrist\u00e1n protagonitza un homenatge \u00edntim i emotiu a l&#039;actor, director i escriptor Fernando Fern\u00e1n-G\u00f3mez\" \/>\n<meta property=\"og:url\" content=\"https:\/\/www.restaurantestevet.com\/es\/al-romea-el-hijo-de-la-comica-amb-jose-sacristan\/\" \/>\n<meta property=\"og:site_name\" content=\"Restaurant Ca L&#039;Estevet\" \/>\n<meta property=\"article:publisher\" content=\"https:\/\/www.facebook.com\/restaurantestevet\" \/>\n<meta property=\"article:published_time\" content=\"2026-09-04T07:52:00+00:00\" \/>\n<meta name=\"author\" content=\"Restaurant Estevet\" \/>\n<meta name=\"twitter:label1\" content=\"Escrito por\" \/>\n\t<meta name=\"twitter:data1\" content=\"Restaurant Estevet\" \/>\n\t<meta name=\"twitter:label2\" content=\"Tiempo de lectura\" \/>\n\t<meta name=\"twitter:data2\" content=\"2 minutos\" \/>\n<script type=\"application\/ld+json\" class=\"yoast-schema-graph\">{\"@context\":\"https:\\\/\\\/schema.org\",\"@graph\":[{\"@type\":\"Article\",\"@id\":\"https:\\\/\\\/www.restaurantestevet.com\\\/es\\\/al-romea-el-hijo-de-la-comica-amb-jose-sacristan\\\/#article\",\"isPartOf\":{\"@id\":\"https:\\\/\\\/www.restaurantestevet.com\\\/es\\\/al-romea-el-hijo-de-la-comica-amb-jose-sacristan\\\/\"},\"author\":{\"name\":\"Restaurant Estevet\",\"@id\":\"https:\\\/\\\/www.restaurantestevet.com\\\/es\\\/#\\\/schema\\\/person\\\/b5c4764b9f06894c54f7ffa28499cea5\"},\"headline\":\"AL ROMEA, EL HIJO DE LA C\u00d3MICA, AMB JOS\u00c9 SACRISTAN.\",\"datePublished\":\"2026-09-04T07:52:00+00:00\",\"mainEntityOfPage\":{\"@id\":\"https:\\\/\\\/www.restaurantestevet.com\\\/es\\\/al-romea-el-hijo-de-la-comica-amb-jose-sacristan\\\/\"},\"wordCount\":309,\"articleSection\":[\"Cultura\",\"Cultura\",\"Culture\"],\"inLanguage\":\"es\"},{\"@type\":\"WebPage\",\"@id\":\"https:\\\/\\\/www.restaurantestevet.com\\\/es\\\/al-romea-el-hijo-de-la-comica-amb-jose-sacristan\\\/\",\"url\":\"https:\\\/\\\/www.restaurantestevet.com\\\/es\\\/al-romea-el-hijo-de-la-comica-amb-jose-sacristan\\\/\",\"name\":\"AL ROMEA, EL HIJO DE LA C\u00d3MICA, AMB JOS\u00c9 SACRISTAN. - Restaurant Ca L&#039;Estevet\",\"isPartOf\":{\"@id\":\"https:\\\/\\\/www.restaurantestevet.com\\\/es\\\/#website\"},\"datePublished\":\"2026-09-04T07:52:00+00:00\",\"author\":{\"@id\":\"https:\\\/\\\/www.restaurantestevet.com\\\/es\\\/#\\\/schema\\\/person\\\/b5c4764b9f06894c54f7ffa28499cea5\"},\"description\":\"Jos\u00e9 Sacrist\u00e1n protagonitza un homenatge \u00edntim i emotiu a l'actor, director i escriptor Fernando Fern\u00e1n-G\u00f3mez\",\"breadcrumb\":{\"@id\":\"https:\\\/\\\/www.restaurantestevet.com\\\/es\\\/al-romea-el-hijo-de-la-comica-amb-jose-sacristan\\\/#breadcrumb\"},\"inLanguage\":\"es\",\"potentialAction\":[{\"@type\":\"ReadAction\",\"target\":[\"https:\\\/\\\/www.restaurantestevet.com\\\/es\\\/al-romea-el-hijo-de-la-comica-amb-jose-sacristan\\\/\"]}]},{\"@type\":\"BreadcrumbList\",\"@id\":\"https:\\\/\\\/www.restaurantestevet.com\\\/es\\\/al-romea-el-hijo-de-la-comica-amb-jose-sacristan\\\/#breadcrumb\",\"itemListElement\":[{\"@type\":\"ListItem\",\"position\":1,\"name\":\"Portada\",\"item\":\"https:\\\/\\\/www.restaurantestevet.com\\\/es\\\/\"},{\"@type\":\"ListItem\",\"position\":2,\"name\":\"AL ROMEA, EL HIJO DE LA C\u00d3MICA, AMB JOS\u00c9 SACRISTAN.\"}]},{\"@type\":\"WebSite\",\"@id\":\"https:\\\/\\\/www.restaurantestevet.com\\\/es\\\/#website\",\"url\":\"https:\\\/\\\/www.restaurantestevet.com\\\/es\\\/\",\"name\":\"Restaurant Ca L'Estevet\",\"description\":\"Cocina catalana. Este establecimiento est\u00e1 presente y es testigo de la movida barcelonesa desde finales del siglo XIX.\",\"potentialAction\":[{\"@type\":\"SearchAction\",\"target\":{\"@type\":\"EntryPoint\",\"urlTemplate\":\"https:\\\/\\\/www.restaurantestevet.com\\\/es\\\/?s={search_term_string}\"},\"query-input\":{\"@type\":\"PropertyValueSpecification\",\"valueRequired\":true,\"valueName\":\"search_term_string\"}}],\"inLanguage\":\"es\"},{\"@type\":\"Person\",\"@id\":\"https:\\\/\\\/www.restaurantestevet.com\\\/es\\\/#\\\/schema\\\/person\\\/b5c4764b9f06894c54f7ffa28499cea5\",\"name\":\"Restaurant Estevet\",\"image\":{\"@type\":\"ImageObject\",\"inLanguage\":\"es\",\"@id\":\"https:\\\/\\\/secure.gravatar.com\\\/avatar\\\/ba3eafe7ec82ed0143cbf0a9f46ab00a8bc552378ddd8c76c2508b10f9d28283?s=96&d=mm&r=g\",\"url\":\"https:\\\/\\\/secure.gravatar.com\\\/avatar\\\/ba3eafe7ec82ed0143cbf0a9f46ab00a8bc552378ddd8c76c2508b10f9d28283?s=96&d=mm&r=g\",\"contentUrl\":\"https:\\\/\\\/secure.gravatar.com\\\/avatar\\\/ba3eafe7ec82ed0143cbf0a9f46ab00a8bc552378ddd8c76c2508b10f9d28283?s=96&d=mm&r=g\",\"caption\":\"Restaurant Estevet\"}}]}<\/script>\n<!-- \/ Yoast SEO plugin. -->","yoast_head_json":{"title":"AL ROMEA, EL HIJO DE LA C\u00d3MICA, AMB JOS\u00c9 SACRISTAN. - Restaurant Ca L&#039;Estevet","description":"Jos\u00e9 Sacrist\u00e1n protagonitza un homenatge \u00edntim i emotiu a l'actor, director i escriptor Fernando Fern\u00e1n-G\u00f3mez","robots":{"index":"index","follow":"follow","max-snippet":"max-snippet:-1","max-image-preview":"max-image-preview:large","max-video-preview":"max-video-preview:-1"},"canonical":"https:\/\/www.restaurantestevet.com\/es\/al-romea-el-hijo-de-la-comica-amb-jose-sacristan\/","og_locale":"es_ES","og_type":"article","og_title":"AL ROMEA, EL HIJO DE LA C\u00d3MICA, AMB JOS\u00c9 SACRISTAN. - Restaurant Ca L&#039;Estevet","og_description":"Jos\u00e9 Sacrist\u00e1n protagonitza un homenatge \u00edntim i emotiu a l'actor, director i escriptor Fernando Fern\u00e1n-G\u00f3mez","og_url":"https:\/\/www.restaurantestevet.com\/es\/al-romea-el-hijo-de-la-comica-amb-jose-sacristan\/","og_site_name":"Restaurant Ca L&#039;Estevet","article_publisher":"https:\/\/www.facebook.com\/restaurantestevet","article_published_time":"2026-09-04T07:52:00+00:00","author":"Restaurant Estevet","twitter_misc":{"Escrito por":"Restaurant Estevet","Tiempo de lectura":"2 minutos"},"schema":{"@context":"https:\/\/schema.org","@graph":[{"@type":"Article","@id":"https:\/\/www.restaurantestevet.com\/es\/al-romea-el-hijo-de-la-comica-amb-jose-sacristan\/#article","isPartOf":{"@id":"https:\/\/www.restaurantestevet.com\/es\/al-romea-el-hijo-de-la-comica-amb-jose-sacristan\/"},"author":{"name":"Restaurant Estevet","@id":"https:\/\/www.restaurantestevet.com\/es\/#\/schema\/person\/b5c4764b9f06894c54f7ffa28499cea5"},"headline":"AL ROMEA, EL HIJO DE LA C\u00d3MICA, AMB JOS\u00c9 SACRISTAN.","datePublished":"2026-09-04T07:52:00+00:00","mainEntityOfPage":{"@id":"https:\/\/www.restaurantestevet.com\/es\/al-romea-el-hijo-de-la-comica-amb-jose-sacristan\/"},"wordCount":309,"articleSection":["Cultura","Cultura","Culture"],"inLanguage":"es"},{"@type":"WebPage","@id":"https:\/\/www.restaurantestevet.com\/es\/al-romea-el-hijo-de-la-comica-amb-jose-sacristan\/","url":"https:\/\/www.restaurantestevet.com\/es\/al-romea-el-hijo-de-la-comica-amb-jose-sacristan\/","name":"AL ROMEA, EL HIJO DE LA C\u00d3MICA, AMB JOS\u00c9 SACRISTAN. - Restaurant Ca L&#039;Estevet","isPartOf":{"@id":"https:\/\/www.restaurantestevet.com\/es\/#website"},"datePublished":"2026-09-04T07:52:00+00:00","author":{"@id":"https:\/\/www.restaurantestevet.com\/es\/#\/schema\/person\/b5c4764b9f06894c54f7ffa28499cea5"},"description":"Jos\u00e9 Sacrist\u00e1n protagonitza un homenatge \u00edntim i emotiu a l'actor, director i escriptor Fernando Fern\u00e1n-G\u00f3mez","breadcrumb":{"@id":"https:\/\/www.restaurantestevet.com\/es\/al-romea-el-hijo-de-la-comica-amb-jose-sacristan\/#breadcrumb"},"inLanguage":"es","potentialAction":[{"@type":"ReadAction","target":["https:\/\/www.restaurantestevet.com\/es\/al-romea-el-hijo-de-la-comica-amb-jose-sacristan\/"]}]},{"@type":"BreadcrumbList","@id":"https:\/\/www.restaurantestevet.com\/es\/al-romea-el-hijo-de-la-comica-amb-jose-sacristan\/#breadcrumb","itemListElement":[{"@type":"ListItem","position":1,"name":"Portada","item":"https:\/\/www.restaurantestevet.com\/es\/"},{"@type":"ListItem","position":2,"name":"AL ROMEA, EL HIJO DE LA C\u00d3MICA, AMB JOS\u00c9 SACRISTAN."}]},{"@type":"WebSite","@id":"https:\/\/www.restaurantestevet.com\/es\/#website","url":"https:\/\/www.restaurantestevet.com\/es\/","name":"Restaurant Ca L'Estevet","description":"Cocina catalana. Este establecimiento est\u00e1 presente y es testigo de la movida barcelonesa desde finales del siglo XIX.","potentialAction":[{"@type":"SearchAction","target":{"@type":"EntryPoint","urlTemplate":"https:\/\/www.restaurantestevet.com\/es\/?s={search_term_string}"},"query-input":{"@type":"PropertyValueSpecification","valueRequired":true,"valueName":"search_term_string"}}],"inLanguage":"es"},{"@type":"Person","@id":"https:\/\/www.restaurantestevet.com\/es\/#\/schema\/person\/b5c4764b9f06894c54f7ffa28499cea5","name":"Restaurant Estevet","image":{"@type":"ImageObject","inLanguage":"es","@id":"https:\/\/secure.gravatar.com\/avatar\/ba3eafe7ec82ed0143cbf0a9f46ab00a8bc552378ddd8c76c2508b10f9d28283?s=96&d=mm&r=g","url":"https:\/\/secure.gravatar.com\/avatar\/ba3eafe7ec82ed0143cbf0a9f46ab00a8bc552378ddd8c76c2508b10f9d28283?s=96&d=mm&r=g","contentUrl":"https:\/\/secure.gravatar.com\/avatar\/ba3eafe7ec82ed0143cbf0a9f46ab00a8bc552378ddd8c76c2508b10f9d28283?s=96&d=mm&r=g","caption":"Restaurant Estevet"}}]}},"jetpack_publicize_connections":[],"jetpack_sharing_enabled":true,"jetpack_shortlink":"https:\/\/wp.me\/p6oEY6-6Qx","jetpack_likes_enabled":true,"jetpack_featured_media_url":"","_links":{"self":[{"href":"https:\/\/www.restaurantestevet.com\/es\/wp-json\/wp\/v2\/posts\/26321","targetHints":{"allow":["GET"]}}],"collection":[{"href":"https:\/\/www.restaurantestevet.com\/es\/wp-json\/wp\/v2\/posts"}],"about":[{"href":"https:\/\/www.restaurantestevet.com\/es\/wp-json\/wp\/v2\/types\/post"}],"author":[{"embeddable":true,"href":"https:\/\/www.restaurantestevet.com\/es\/wp-json\/wp\/v2\/users\/1"}],"replies":[{"embeddable":true,"href":"https:\/\/www.restaurantestevet.com\/es\/wp-json\/wp\/v2\/comments?post=26321"}],"version-history":[{"count":1,"href":"https:\/\/www.restaurantestevet.com\/es\/wp-json\/wp\/v2\/posts\/26321\/revisions"}],"predecessor-version":[{"id":26322,"href":"https:\/\/www.restaurantestevet.com\/es\/wp-json\/wp\/v2\/posts\/26321\/revisions\/26322"}],"wp:attachment":[{"href":"https:\/\/www.restaurantestevet.com\/es\/wp-json\/wp\/v2\/media?parent=26321"}],"wp:term":[{"taxonomy":"category","embeddable":true,"href":"https:\/\/www.restaurantestevet.com\/es\/wp-json\/wp\/v2\/categories?post=26321"},{"taxonomy":"post_tag","embeddable":true,"href":"https:\/\/www.restaurantestevet.com\/es\/wp-json\/wp\/v2\/tags?post=26321"}],"curies":[{"name":"wp","href":"https:\/\/api.w.org\/{rel}","templated":true}]}}